{"id":821,"date":"2022-01-01T18:55:35","date_gmt":"2022-01-01T17:55:35","guid":{"rendered":"https:\/\/rowerowysztos.pl\/?p=821"},"modified":"2022-01-01T18:57:51","modified_gmt":"2022-01-01T17:57:51","slug":"czy-warto-jezdzic-w-kasku","status":"publish","type":"post","link":"https:\/\/rowerowysztos.pl\/index.php\/2022\/01\/01\/czy-warto-jezdzic-w-kasku\/","title":{"rendered":"Wypadek na rowerze \u2013 czy warto je\u017adzi\u0107 w kasku?"},"content":{"rendered":"<p>Jest wiele teorii na temat tego czy nale\u017cy je\u017adzi\u0107 w kasku, czy niekoniecznie. Z jednej strony kask ewidentnie mo\u017ce ochroni\u0107 g\u0142ow\u0119 przy upadku przyjmuj\u0105c cz\u0119\u015b\u0107 uderzenia. Z drugiej strony kaskosceptycy twierdz\u0105, \u017ce jad\u0105c w kasku jeste\u015bmy mniej uwa\u017cni i je\u017adzimy szybciej. Patrz\u0105c obiektywnie ma to jaki\u015b tam sens. Pytanie, czy nagle mo\u017cemy przesta\u0107 zapina\u0107 pasy w autach m\u00f3wi\u0105c, \u017ce teraz b\u0119dziemy wolno je\u017adzi\u0107 i nic nam si\u0119 nie stanie\u2026 Ja tego nie kupuj\u0119.<\/p>\n<p>Nieca\u0142e dwa lata temu mia\u0142em do\u015b\u0107 powa\u017cny wypadek, podczas kt\u00f3rego czo\u0142owo zderzy\u0142em si\u0119 z nadje\u017cd\u017caj\u0105cym samochodem. Sytuacja mia\u0142a miejsce w Poznaniu na jednym z kontrapas\u00f3w. Z naprzeciwka nadje\u017cd\u017ca\u0142o auto, kt\u00f3re skr\u0119ca\u0142o w boczn\u0105 uliczk\u0119. Ja jecha\u0142em prosto i mia\u0142em pierwsze\u0144stwo. Zawsze w takich sytuacjach obserwuj\u0119, czy kierowca mnie widzi, albo czy auto wyra\u017anie zwolni\u0142o. Teoretycznie wszystko by\u0142o ok. Samoch\u00f3d ,,przysiad\u0142\u201d od hamowania, wi\u0119c stwierdzi\u0142em, \u017ce kierowca mnie zauwa\u017cy\u0142 i czeka a\u017c przejad\u0119. Niestety w tym samym momencie nagle skr\u0119ci\u0142. Nie da\u0142o si\u0119 nic zrobi\u0107.. Nie zd\u0105\u017cy\u0142em nawet nacisn\u0105\u0107 klamki hamulca. Rower zosta\u0142 przed autem, a ja uderzy\u0142em z ca\u0142ym impetem g\u0142ow\u0105 w szyb\u0119. Po czym spad\u0142em na asfalt.<\/p>\n<p>St\u0142uczone kolano i bark, troch\u0119 krwi z obtartej nogi i r\u0119ki, skasowany rower (zgi\u0119ta rama, widelec, ko\u0142o i przedni baga\u017cnik) i kask, uszkodzony zderzak i zbita szyba w aucie. Dodatkowo straty moralne w postaci niech\u0119ci do je\u017cd\u017cenia rowerem po mie\u015bcie przez kilka miesi\u0119cy.<\/p>\n<p>Historia nie jest mo\u017ce jaka\u015b wyj\u0105tkowo przera\u017caj\u0105ca czy niezwyk\u0142a, jednak to co mnie najbardziej zaskoczy\u0142o to fakt, \u017ce mimo tak silnego uderzenia i kasku pop\u0119kanego w wielu miejscach, moja g\u0142owa nie ucierpia\u0142a. By\u0142em generalnie poobijany i obola\u0142y, ale w g\u0142ow\u0119 absolutnie nic mi si\u0119 nie sta\u0142o. Kask przyj\u0105\u0142 na siebie ca\u0142\u0105 energi\u0119 zderzenia.<\/p>\n<p><img loading=\"lazy\" decoding=\"async\" class=\"alignnone size-full wp-image-824\" src=\"https:\/\/rowerowysztos.pl\/wp-content\/uploads\/2022\/01\/IMG_20211218_192452_939.jpg\" alt=\"Wypadek rowerowy\" width=\"1080\" height=\"1920\" srcset=\"https:\/\/rowerowysztos.pl\/wp-content\/uploads\/2022\/01\/IMG_20211218_192452_939.jpg 1080w, https:\/\/rowerowysztos.pl\/wp-content\/uploads\/2022\/01\/IMG_20211218_192452_939-980x1742.jpg 980w, https:\/\/rowerowysztos.pl\/wp-content\/uploads\/2022\/01\/IMG_20211218_192452_939-480x853.jpg 480w\" sizes=\"auto, (min-width: 0px) and (max-width: 480px) 480px, (min-width: 481px) and (max-width: 980px) 980px, (min-width: 981px) 1080px, 100vw\" \/><\/p>\n<p>Z fizyki pami\u0119tam, \u017ce podczas zderzenia pr\u0119dko\u015bci pojazd\u00f3w sumuj\u0105 si\u0119, je\u015bli wi\u0119c ja jecha\u0142em oko\u0142o 25 km\/h, a auto podobnie to uderzy\u0142em w tward\u0105, klejon\u0105 samochodow\u0105 szyb\u0119 z pr\u0119dko\u015bci\u0105 50 km\/h. Wydaje mi si\u0119, \u017ce to niema\u0142o i bez kasku raczej nie sko\u0144czy\u0142oby si\u0119 to tak dobrze.<\/p>\n<p>Ci\u0119\u017cko powiedzie\u0107, jak zachowa\u0142by si\u0119 tej sytuacji inny kask. Mia\u0142em na g\u0142owie kask hiszpa\u0144skiej firmy <a href=\"https:\/\/www.ceneo.pl\/120146163#crid=501540&amp;pid=23188\">Catlike Whisper<\/a> i wydaje mi si\u0119, \u017ce zadzia\u0142a\u0142 idealnie. Gdybym mia\u0142 na g\u0142owie kawa\u0142ek styropianu z Aliexpressu za 50 z\u0142 to mog\u0142yby by\u0107 gorzej, chocia\u017c na pewno lepiej ni\u017c bez \u017cadnej ochrony g\u0142owy.<\/p>\n<div id=\"attachment_827\" style=\"width: 1005px\" class=\"wp-caption alignnone\"><img loading=\"lazy\" decoding=\"async\" aria-describedby=\"caption-attachment-827\" class=\"size-full wp-image-827\" src=\"https:\/\/rowerowysztos.pl\/wp-content\/uploads\/2022\/01\/sportpoint.pl_.bmp\" alt=\"Kaski rowerowe, jaki kask rowerowy wybra\u0107?\" width=\"995\" height=\"923\" srcset=\"https:\/\/rowerowysztos.pl\/wp-content\/uploads\/2022\/01\/sportpoint.pl_.bmp 995w, https:\/\/rowerowysztos.pl\/wp-content\/uploads\/2022\/01\/sportpoint.pl_-300x278.jpg 300w, https:\/\/rowerowysztos.pl\/wp-content\/uploads\/2022\/01\/sportpoint.pl_-768x712.jpg 768w, https:\/\/rowerowysztos.pl\/wp-content\/uploads\/2022\/01\/sportpoint.pl_-980x909.jpg 980w, https:\/\/rowerowysztos.pl\/wp-content\/uploads\/2022\/01\/sportpoint.pl_-480x445.jpg 480w\" sizes=\"auto, (max-width: 995px) 100vw, 995px\" \/><p id=\"caption-attachment-827\" class=\"wp-caption-text\">\u0179r\u00f3d\u0142o: sportpoint.pl<\/p><\/div>\n<p>Dlatego patrz\u0105c na m\u00f3j przypadek uwa\u017cam, \u017ce kask jest rzecz\u0105 absolutnie obowi\u0105zkow\u0105. Czy wybra\u0142bym jeszcze raz ten sam model? Chcia\u0142em to zrobi\u0107, ale nie by\u0142 ju\u017c dost\u0119pny. Wybra\u0142em zatem szwedzkiego <a href=\"https:\/\/www.ceneo.pl\/103708607#crid=501541&amp;pid=23188\">POC\u2019a Octal\u2019a<\/a>, czyli firm\u0119, kt\u00f3ra s\u0142ynie z dbania o bezpiecze\u0144stwo.<\/p>\n<p>Obecnie na rynku jest wiele r\u00f3\u017cnych wynalazk\u00f3w maj\u0105cych poprawi\u0107 ochron\u0119 g\u0142owy. Jednym z bardziej sensowniejszych wydaje si\u0119 by\u0107 MIPS, czyli system kt\u00f3ry przeciwdzia\u0142a ruchom skr\u0119tnym podczas upadku. My\u015bl\u0105c o wyborze kasku warto te\u017c zwr\u00f3ci\u0107 uwag\u0119 \u017ceby mia\u0142 jak najwi\u0119cej otwor\u00f3w wentylacyjnych i by\u0142 lekki. Dzi\u0119ki temu w upalne dni nie b\u0119dzie przeszkadza\u0142, a poza tym dzi\u0119ki lekko\u015bci szybko zapomnicie, \u017ce macie go na g\u0142owie. Wa\u017cne te\u017c, \u017ceby by\u0142 to porz\u0105dny produkt z odpowiednimi certyfikatami, a nie podr\u00f3bka podr\u00f3bki z Chin. Na tym naprawd\u0119 nie warto oszcz\u0119dza\u0107!<\/p>\n<p><img loading=\"lazy\" decoding=\"async\" class=\"alignnone size-full wp-image-822\" src=\"https:\/\/rowerowysztos.pl\/wp-content\/uploads\/2022\/01\/20210623_163717-scaled.jpg\" alt=\"Jaki kask na rower wybra\u0107?\" width=\"2560\" height=\"1440\" srcset=\"https:\/\/rowerowysztos.pl\/wp-content\/uploads\/2022\/01\/20210623_163717-scaled.jpg 2560w, https:\/\/rowerowysztos.pl\/wp-content\/uploads\/2022\/01\/20210623_163717-1280x720.jpg 1280w, https:\/\/rowerowysztos.pl\/wp-content\/uploads\/2022\/01\/20210623_163717-980x551.jpg 980w, https:\/\/rowerowysztos.pl\/wp-content\/uploads\/2022\/01\/20210623_163717-480x270.jpg 480w\" sizes=\"auto, (min-width: 0px) and (max-width: 480px) 480px, (min-width: 481px) and (max-width: 980px) 980px, (min-width: 981px) and (max-width: 1280px) 1280px, (min-width: 1281px) 2560px, 100vw\" \/><\/p>\n<p>Cz\u0119sto s\u0142ysz\u0119, \u017ce kask jaki by nie by\u0142 \u2013 przeszkadza, psuje fryzur\u0119, itd. Niestety dla wszystkich antykaskowc\u00f3w i na to jest rozwi\u0105zanie \ud83d\ude00 <a href=\"https:\/\/www.ceneo.pl\/100769079#crid=501542&amp;pid=23188\">H\u00f6vding to rowerowa poduszka powietrzna.<\/a> Ma form\u0119 szalika zak\u0142adanego na szyj\u0119. Dzi\u0119ki temu nie psuje fryzury i pozwala na pe\u0142n\u0105 swobod\u0119. Podczas wypadku czujniki wykrywaj\u0105 nag\u0142e przyspieszenie i odpalaj\u0105 \u0142adunki wybuchowe (pytanie czy nie wybuchnie gdy spadnie przypadkiem na pod\u0142og\u0119?). Mo\u017ce brzmi to dosy\u0107 kosmicznie, ale gdy by\u0142em w tym roku w Kopenhadze to widzia\u0142em tego naprawd\u0119 mn\u00f3stwo. Momentami \u00be mijanych rowerzystek mia\u0142a H\u00f6vdinga na szyi!<\/p>\n<div id=\"attachment_823\" style=\"width: 779px\" class=\"wp-caption alignnone\"><img loading=\"lazy\" decoding=\"async\" aria-describedby=\"caption-attachment-823\" class=\"size-full wp-image-823\" src=\"https:\/\/rowerowysztos.pl\/wp-content\/uploads\/2022\/01\/horisontal_short_lq_769x633.jpg\" alt=\"Pouuszka powietrzna na rower\" width=\"769\" height=\"633\" srcset=\"https:\/\/rowerowysztos.pl\/wp-content\/uploads\/2022\/01\/horisontal_short_lq_769x633.jpg 769w, https:\/\/rowerowysztos.pl\/wp-content\/uploads\/2022\/01\/horisontal_short_lq_769x633-480x395.jpg 480w\" sizes=\"auto, (min-width: 0px) and (max-width: 480px) 480px, (min-width: 481px) 769px, 100vw\" \/><p id=\"caption-attachment-823\" class=\"wp-caption-text\">\u0179r\u00f3d\u0142o: hovding.com<\/p><\/div>\n<p>To nie jest artyku\u0142 sponsorowany, za napisanie go nie dosta\u0142em \u017cadnego kasku ani pieni\u0119dzy. Po prostu bazuj\u0105c na swoich do\u015bwiadczeniach (nie by\u0142 to m\u00f3j pierwszy wypadek) uwa\u017cam, \u017ce kask trzeba mie\u0107 i nie ma tu \u017cadnych w\u0105tpliwo\u015bci. Jasne, zawsze znajd\u0105 si\u0119 argumenty przeciw i r\u00f3\u017cne legendy miejskie, ale lepiej kierowa\u0107 si\u0119 logik\u0105, a nie dorabia\u0107 teori\u0119. Kask ratuje \u017cycie i warto, o tym pami\u0119ta\u0107 ?<\/p>\n<p>Na koniec postanowi\u0142em wrzuci\u0107 mema, w kt\u00f3rym kto\u015b uporczywie udowadnia dlaczego nie warto je\u017adzi\u0107 z w\u0142\u0105czonymi \u015bwiat\u0142ami samochodem \ud83d\ude1b Antykaskowcy i inni anty\u2026 niech to da Wam do my\u015blenia ?<\/p>\n<p><img loading=\"lazy\" decoding=\"async\" class=\"alignnone size-full wp-image-825\" src=\"https:\/\/rowerowysztos.pl\/wp-content\/uploads\/2022\/01\/IMG_20211218_195137_935.jpg\" alt=\"Jaki kask na rower?\" width=\"1080\" height=\"1198\" srcset=\"https:\/\/rowerowysztos.pl\/wp-content\/uploads\/2022\/01\/IMG_20211218_195137_935.jpg 1080w, https:\/\/rowerowysztos.pl\/wp-content\/uploads\/2022\/01\/IMG_20211218_195137_935-980x1087.jpg 980w, https:\/\/rowerowysztos.pl\/wp-content\/uploads\/2022\/01\/IMG_20211218_195137_935-480x532.jpg 480w\" sizes=\"auto, (min-width: 0px) and (max-width: 480px) 480px, (min-width: 481px) and (max-width: 980px) 980px, (min-width: 981px) 1080px, 100vw\" \/><\/p>\n<div class=\"fb-background-color\">\n\t\t\t  <div \n\t\t\t  \tclass = \"fb-comments\" \n\t\t\t  \tdata-href = \"https:\/\/rowerowysztos.pl\/index.php\/2022\/01\/01\/czy-warto-jezdzic-w-kasku\/\"\n\t\t\t  \tdata-numposts = \"10\"\n\t\t\t  \tdata-lazy = \"true\"\n\t\t\t\tdata-colorscheme = \"light\"\n\t\t\t\tdata-order-by = \"social\"\n\t\t\t\tdata-mobile=true>\n\t\t\t  <\/div><\/div>\n\t\t  <style>\n\t\t    .fb-background-color {\n\t\t\t\tbackground: #ffffff !important;\n\t\t\t}\n\t\t\t.fb_iframe_widget_fluid_desktop iframe {\n\t\t\t    width: 100% !important;\n\t\t\t}\n\t\t  <\/style>\n\t\t  ","protected":false},"excerpt":{"rendered":"<p>Jest wiele teorii na temat tego czy nale\u017cy je\u017adzi\u0107 w kasku, czy niekoniecznie. Z jednej strony kask ewidentnie mo\u017ce ochroni\u0107 g\u0142ow\u0119 przy upadku przyjmuj\u0105c cz\u0119\u015b\u0107 uderzenia. Z drugiej strony kaskosceptycy twierdz\u0105, \u017ce jad\u0105c w kasku jeste\u015bmy mniej uwa\u017cni i je\u017adzimy szybciej. Patrz\u0105c obiektywnie ma to jaki\u015b tam sens. Pytanie, czy nagle mo\u017cemy przesta\u0107 zapina\u0107 pasy [&hellip;]<\/p>\n","protected":false},"author":1,"featured_media":826,"comment_status":"open","ping_status":"open","sticky":false,"template":"","format":"standard","meta":{"_et_pb_use_builder":"","_et_pb_old_content":"","_et_gb_content_width":"","footnotes":""},"categories":[3,6],"tags":[],"class_list":["post-821","post","type-post","status-publish","format-standard","has-post-thumbnail","hentry","category-felietony","category-strona-glowna"],"yoast_head":"<!-- This site is optimized with the Yoast SEO plugin v27.5 - https:\/\/yoast.com\/product\/yoast-seo-wordpress\/ -->\n<title>Wypadek na rowerze \u2013 czy warto je\u017adzi\u0107 w kasku? - RowerowySztos.pl<\/title>\n<meta name=\"description\" content=\"Czy warto zak\u0142ada\u0107 kask na rowerze? Jak to wygl\u0105da w praktyce? Czy chcia\u0142bym uderzy\u0107 g\u0142ow\u0105 w szyb\u0119 auta bez kasku?\" \/>\n<meta name=\"robots\" content=\"index, follow, max-snippet:-1, max-image-preview:large, max-video-preview:-1\" \/>\n<link rel=\"canonical\" href=\"https:\/\/rowerowysztos.pl\/index.php\/2022\/01\/01\/czy-warto-jezdzic-w-kasku\/\" \/>\n<meta property=\"og:locale\" content=\"pl_PL\" \/>\n<meta property=\"og:type\" content=\"article\" \/>\n<meta property=\"og:title\" content=\"Wypadek na rowerze \u2013 czy warto je\u017adzi\u0107 w kasku? - RowerowySztos.pl\" \/>\n<meta property=\"og:description\" content=\"Czy warto zak\u0142ada\u0107 kask na rowerze? Jak to wygl\u0105da w praktyce? Czy chcia\u0142bym uderzy\u0107 g\u0142ow\u0105 w szyb\u0119 auta bez kasku?\" \/>\n<meta property=\"og:url\" content=\"https:\/\/rowerowysztos.pl\/index.php\/2022\/01\/01\/czy-warto-jezdzic-w-kasku\/\" \/>\n<meta property=\"og:site_name\" content=\"RowerowySztos.pl\" \/>\n<meta property=\"article:published_time\" content=\"2022-01-01T17:55:35+00:00\" \/>\n<meta property=\"article:modified_time\" content=\"2022-01-01T17:57:51+00:00\" \/>\n<meta property=\"og:image\" content=\"https:\/\/rowerowysztos.pl\/wp-content\/uploads\/2022\/01\/received_317430622614342.jpeg\" \/>\n\t<meta property=\"og:image:width\" content=\"1502\" \/>\n\t<meta property=\"og:image:height\" content=\"993\" \/>\n\t<meta property=\"og:image:type\" content=\"image\/jpeg\" \/>\n<meta name=\"author\" content=\"rowerowy sztos\" \/>\n<meta name=\"twitter:card\" content=\"summary_large_image\" \/>\n<meta name=\"twitter:label1\" content=\"Napisane przez\" \/>\n\t<meta name=\"twitter:data1\" content=\"rowerowy sztos\" \/>\n\t<meta name=\"twitter:label2\" content=\"Szacowany czas czytania\" \/>\n\t<meta name=\"twitter:data2\" content=\"6 minut\" \/>\n<script type=\"application\/ld+json\" class=\"yoast-schema-graph\">{\"@context\":\"https:\\\/\\\/schema.org\",\"@graph\":[{\"@type\":\"Article\",\"@id\":\"https:\\\/\\\/rowerowysztos.pl\\\/index.php\\\/2022\\\/01\\\/01\\\/czy-warto-jezdzic-w-kasku\\\/#article\",\"isPartOf\":{\"@id\":\"https:\\\/\\\/rowerowysztos.pl\\\/index.php\\\/2022\\\/01\\\/01\\\/czy-warto-jezdzic-w-kasku\\\/\"},\"author\":{\"name\":\"rowerowy sztos\",\"@id\":\"https:\\\/\\\/rowerowysztos.pl\\\/#\\\/schema\\\/person\\\/1df3750de5e2062fe12b280c9973953b\"},\"headline\":\"Wypadek na rowerze \u2013 czy warto je\u017adzi\u0107 w kasku?\",\"datePublished\":\"2022-01-01T17:55:35+00:00\",\"dateModified\":\"2022-01-01T17:57:51+00:00\",\"mainEntityOfPage\":{\"@id\":\"https:\\\/\\\/rowerowysztos.pl\\\/index.php\\\/2022\\\/01\\\/01\\\/czy-warto-jezdzic-w-kasku\\\/\"},\"wordCount\":874,\"commentCount\":0,\"image\":{\"@id\":\"https:\\\/\\\/rowerowysztos.pl\\\/index.php\\\/2022\\\/01\\\/01\\\/czy-warto-jezdzic-w-kasku\\\/#primaryimage\"},\"thumbnailUrl\":\"https:\\\/\\\/rowerowysztos.pl\\\/wp-content\\\/uploads\\\/2022\\\/01\\\/received_317430622614342.jpeg\",\"articleSection\":[\"Felietony\",\"Strona g\u0142\u00f3wna\"],\"inLanguage\":\"pl-PL\"},{\"@type\":\"WebPage\",\"@id\":\"https:\\\/\\\/rowerowysztos.pl\\\/index.php\\\/2022\\\/01\\\/01\\\/czy-warto-jezdzic-w-kasku\\\/\",\"url\":\"https:\\\/\\\/rowerowysztos.pl\\\/index.php\\\/2022\\\/01\\\/01\\\/czy-warto-jezdzic-w-kasku\\\/\",\"name\":\"Wypadek na rowerze \u2013 czy warto je\u017adzi\u0107 w kasku? - RowerowySztos.pl\",\"isPartOf\":{\"@id\":\"https:\\\/\\\/rowerowysztos.pl\\\/#website\"},\"primaryImageOfPage\":{\"@id\":\"https:\\\/\\\/rowerowysztos.pl\\\/index.php\\\/2022\\\/01\\\/01\\\/czy-warto-jezdzic-w-kasku\\\/#primaryimage\"},\"image\":{\"@id\":\"https:\\\/\\\/rowerowysztos.pl\\\/index.php\\\/2022\\\/01\\\/01\\\/czy-warto-jezdzic-w-kasku\\\/#primaryimage\"},\"thumbnailUrl\":\"https:\\\/\\\/rowerowysztos.pl\\\/wp-content\\\/uploads\\\/2022\\\/01\\\/received_317430622614342.jpeg\",\"datePublished\":\"2022-01-01T17:55:35+00:00\",\"dateModified\":\"2022-01-01T17:57:51+00:00\",\"author\":{\"@id\":\"https:\\\/\\\/rowerowysztos.pl\\\/#\\\/schema\\\/person\\\/1df3750de5e2062fe12b280c9973953b\"},\"description\":\"Czy warto zak\u0142ada\u0107 kask na rowerze? Jak to wygl\u0105da w praktyce? Czy chcia\u0142bym uderzy\u0107 g\u0142ow\u0105 w szyb\u0119 auta bez kasku?\",\"breadcrumb\":{\"@id\":\"https:\\\/\\\/rowerowysztos.pl\\\/index.php\\\/2022\\\/01\\\/01\\\/czy-warto-jezdzic-w-kasku\\\/#breadcrumb\"},\"inLanguage\":\"pl-PL\",\"potentialAction\":[{\"@type\":\"ReadAction\",\"target\":[\"https:\\\/\\\/rowerowysztos.pl\\\/index.php\\\/2022\\\/01\\\/01\\\/czy-warto-jezdzic-w-kasku\\\/\"]}]},{\"@type\":\"ImageObject\",\"inLanguage\":\"pl-PL\",\"@id\":\"https:\\\/\\\/rowerowysztos.pl\\\/index.php\\\/2022\\\/01\\\/01\\\/czy-warto-jezdzic-w-kasku\\\/#primaryimage\",\"url\":\"https:\\\/\\\/rowerowysztos.pl\\\/wp-content\\\/uploads\\\/2022\\\/01\\\/received_317430622614342.jpeg\",\"contentUrl\":\"https:\\\/\\\/rowerowysztos.pl\\\/wp-content\\\/uploads\\\/2022\\\/01\\\/received_317430622614342.jpeg\",\"width\":1502,\"height\":993,\"caption\":\"Czy warto je\u017adzi\u0107 w kasku na rowerze?\"},{\"@type\":\"BreadcrumbList\",\"@id\":\"https:\\\/\\\/rowerowysztos.pl\\\/index.php\\\/2022\\\/01\\\/01\\\/czy-warto-jezdzic-w-kasku\\\/#breadcrumb\",\"itemListElement\":[{\"@type\":\"ListItem\",\"position\":1,\"name\":\"Strona g\u0142\u00f3wna\",\"item\":\"https:\\\/\\\/rowerowysztos.pl\\\/\"},{\"@type\":\"ListItem\",\"position\":2,\"name\":\"Wypadek na rowerze \u2013 czy warto je\u017adzi\u0107 w kasku?\"}]},{\"@type\":\"WebSite\",\"@id\":\"https:\\\/\\\/rowerowysztos.pl\\\/#website\",\"url\":\"https:\\\/\\\/rowerowysztos.pl\\\/\",\"name\":\"RowerowySztos.pl\",\"description\":\"Je\u015bli chcesz odkry\u0107 rower na nowo, je\u017adzi\u0107 szybciej wygodniej i mie\u0107 z tego wi\u0119cej frajdy to ten blog jest dla Ciebie!\",\"potentialAction\":[{\"@type\":\"SearchAction\",\"target\":{\"@type\":\"EntryPoint\",\"urlTemplate\":\"https:\\\/\\\/rowerowysztos.pl\\\/?s={search_term_string}\"},\"query-input\":{\"@type\":\"PropertyValueSpecification\",\"valueRequired\":true,\"valueName\":\"search_term_string\"}}],\"inLanguage\":\"pl-PL\"},{\"@type\":\"Person\",\"@id\":\"https:\\\/\\\/rowerowysztos.pl\\\/#\\\/schema\\\/person\\\/1df3750de5e2062fe12b280c9973953b\",\"name\":\"rowerowy sztos\",\"image\":{\"@type\":\"ImageObject\",\"inLanguage\":\"pl-PL\",\"@id\":\"https:\\\/\\\/secure.gravatar.com\\\/avatar\\\/b7add67864c6970e147c5744ee44cd02b8192ae1a5a1821a922ecc7139b7080b?s=96&d=mm&r=g\",\"url\":\"https:\\\/\\\/secure.gravatar.com\\\/avatar\\\/b7add67864c6970e147c5744ee44cd02b8192ae1a5a1821a922ecc7139b7080b?s=96&d=mm&r=g\",\"contentUrl\":\"https:\\\/\\\/secure.gravatar.com\\\/avatar\\\/b7add67864c6970e147c5744ee44cd02b8192ae1a5a1821a922ecc7139b7080b?s=96&d=mm&r=g\",\"caption\":\"rowerowy sztos\"},\"sameAs\":[\"http:\\\/\\\/rowerowysztos.pl\"],\"url\":\"https:\\\/\\\/rowerowysztos.pl\\\/index.php\\\/author\\\/rower\\\/\"}]}<\/script>\n<!-- \/ Yoast SEO plugin. -->","yoast_head_json":{"title":"Wypadek na rowerze \u2013 czy warto je\u017adzi\u0107 w kasku? - RowerowySztos.pl","description":"Czy warto zak\u0142ada\u0107 kask na rowerze? Jak to wygl\u0105da w praktyce? Czy chcia\u0142bym uderzy\u0107 g\u0142ow\u0105 w szyb\u0119 auta bez kasku?","robots":{"index":"index","follow":"follow","max-snippet":"max-snippet:-1","max-image-preview":"max-image-preview:large","max-video-preview":"max-video-preview:-1"},"canonical":"https:\/\/rowerowysztos.pl\/index.php\/2022\/01\/01\/czy-warto-jezdzic-w-kasku\/","og_locale":"pl_PL","og_type":"article","og_title":"Wypadek na rowerze \u2013 czy warto je\u017adzi\u0107 w kasku? - RowerowySztos.pl","og_description":"Czy warto zak\u0142ada\u0107 kask na rowerze? Jak to wygl\u0105da w praktyce? Czy chcia\u0142bym uderzy\u0107 g\u0142ow\u0105 w szyb\u0119 auta bez kasku?","og_url":"https:\/\/rowerowysztos.pl\/index.php\/2022\/01\/01\/czy-warto-jezdzic-w-kasku\/","og_site_name":"RowerowySztos.pl","article_published_time":"2022-01-01T17:55:35+00:00","article_modified_time":"2022-01-01T17:57:51+00:00","og_image":[{"width":1502,"height":993,"url":"https:\/\/rowerowysztos.pl\/wp-content\/uploads\/2022\/01\/received_317430622614342.jpeg","type":"image\/jpeg"}],"author":"rowerowy sztos","twitter_card":"summary_large_image","twitter_misc":{"Napisane przez":"rowerowy sztos","Szacowany czas czytania":"6 minut"},"schema":{"@context":"https:\/\/schema.org","@graph":[{"@type":"Article","@id":"https:\/\/rowerowysztos.pl\/index.php\/2022\/01\/01\/czy-warto-jezdzic-w-kasku\/#article","isPartOf":{"@id":"https:\/\/rowerowysztos.pl\/index.php\/2022\/01\/01\/czy-warto-jezdzic-w-kasku\/"},"author":{"name":"rowerowy sztos","@id":"https:\/\/rowerowysztos.pl\/#\/schema\/person\/1df3750de5e2062fe12b280c9973953b"},"headline":"Wypadek na rowerze \u2013 czy warto je\u017adzi\u0107 w kasku?","datePublished":"2022-01-01T17:55:35+00:00","dateModified":"2022-01-01T17:57:51+00:00","mainEntityOfPage":{"@id":"https:\/\/rowerowysztos.pl\/index.php\/2022\/01\/01\/czy-warto-jezdzic-w-kasku\/"},"wordCount":874,"commentCount":0,"image":{"@id":"https:\/\/rowerowysztos.pl\/index.php\/2022\/01\/01\/czy-warto-jezdzic-w-kasku\/#primaryimage"},"thumbnailUrl":"https:\/\/rowerowysztos.pl\/wp-content\/uploads\/2022\/01\/received_317430622614342.jpeg","articleSection":["Felietony","Strona g\u0142\u00f3wna"],"inLanguage":"pl-PL"},{"@type":"WebPage","@id":"https:\/\/rowerowysztos.pl\/index.php\/2022\/01\/01\/czy-warto-jezdzic-w-kasku\/","url":"https:\/\/rowerowysztos.pl\/index.php\/2022\/01\/01\/czy-warto-jezdzic-w-kasku\/","name":"Wypadek na rowerze \u2013 czy warto je\u017adzi\u0107 w kasku? - RowerowySztos.pl","isPartOf":{"@id":"https:\/\/rowerowysztos.pl\/#website"},"primaryImageOfPage":{"@id":"https:\/\/rowerowysztos.pl\/index.php\/2022\/01\/01\/czy-warto-jezdzic-w-kasku\/#primaryimage"},"image":{"@id":"https:\/\/rowerowysztos.pl\/index.php\/2022\/01\/01\/czy-warto-jezdzic-w-kasku\/#primaryimage"},"thumbnailUrl":"https:\/\/rowerowysztos.pl\/wp-content\/uploads\/2022\/01\/received_317430622614342.jpeg","datePublished":"2022-01-01T17:55:35+00:00","dateModified":"2022-01-01T17:57:51+00:00","author":{"@id":"https:\/\/rowerowysztos.pl\/#\/schema\/person\/1df3750de5e2062fe12b280c9973953b"},"description":"Czy warto zak\u0142ada\u0107 kask na rowerze? Jak to wygl\u0105da w praktyce? Czy chcia\u0142bym uderzy\u0107 g\u0142ow\u0105 w szyb\u0119 auta bez kasku?","breadcrumb":{"@id":"https:\/\/rowerowysztos.pl\/index.php\/2022\/01\/01\/czy-warto-jezdzic-w-kasku\/#breadcrumb"},"inLanguage":"pl-PL","potentialAction":[{"@type":"ReadAction","target":["https:\/\/rowerowysztos.pl\/index.php\/2022\/01\/01\/czy-warto-jezdzic-w-kasku\/"]}]},{"@type":"ImageObject","inLanguage":"pl-PL","@id":"https:\/\/rowerowysztos.pl\/index.php\/2022\/01\/01\/czy-warto-jezdzic-w-kasku\/#primaryimage","url":"https:\/\/rowerowysztos.pl\/wp-content\/uploads\/2022\/01\/received_317430622614342.jpeg","contentUrl":"https:\/\/rowerowysztos.pl\/wp-content\/uploads\/2022\/01\/received_317430622614342.jpeg","width":1502,"height":993,"caption":"Czy warto je\u017adzi\u0107 w kasku na rowerze?"},{"@type":"BreadcrumbList","@id":"https:\/\/rowerowysztos.pl\/index.php\/2022\/01\/01\/czy-warto-jezdzic-w-kasku\/#breadcrumb","itemListElement":[{"@type":"ListItem","position":1,"name":"Strona g\u0142\u00f3wna","item":"https:\/\/rowerowysztos.pl\/"},{"@type":"ListItem","position":2,"name":"Wypadek na rowerze \u2013 czy warto je\u017adzi\u0107 w kasku?"}]},{"@type":"WebSite","@id":"https:\/\/rowerowysztos.pl\/#website","url":"https:\/\/rowerowysztos.pl\/","name":"RowerowySztos.pl","description":"Je\u015bli chcesz odkry\u0107 rower na nowo, je\u017adzi\u0107 szybciej wygodniej i mie\u0107 z tego wi\u0119cej frajdy to ten blog jest dla Ciebie!","potentialAction":[{"@type":"SearchAction","target":{"@type":"EntryPoint","urlTemplate":"https:\/\/rowerowysztos.pl\/?s={search_term_string}"},"query-input":{"@type":"PropertyValueSpecification","valueRequired":true,"valueName":"search_term_string"}}],"inLanguage":"pl-PL"},{"@type":"Person","@id":"https:\/\/rowerowysztos.pl\/#\/schema\/person\/1df3750de5e2062fe12b280c9973953b","name":"rowerowy sztos","image":{"@type":"ImageObject","inLanguage":"pl-PL","@id":"https:\/\/secure.gravatar.com\/avatar\/b7add67864c6970e147c5744ee44cd02b8192ae1a5a1821a922ecc7139b7080b?s=96&d=mm&r=g","url":"https:\/\/secure.gravatar.com\/avatar\/b7add67864c6970e147c5744ee44cd02b8192ae1a5a1821a922ecc7139b7080b?s=96&d=mm&r=g","contentUrl":"https:\/\/secure.gravatar.com\/avatar\/b7add67864c6970e147c5744ee44cd02b8192ae1a5a1821a922ecc7139b7080b?s=96&d=mm&r=g","caption":"rowerowy sztos"},"sameAs":["http:\/\/rowerowysztos.pl"],"url":"https:\/\/rowerowysztos.pl\/index.php\/author\/rower\/"}]}},"_links":{"self":[{"href":"https:\/\/rowerowysztos.pl\/index.php\/wp-json\/wp\/v2\/posts\/821","targetHints":{"allow":["GET"]}}],"collection":[{"href":"https:\/\/rowerowysztos.pl\/index.php\/wp-json\/wp\/v2\/posts"}],"about":[{"href":"https:\/\/rowerowysztos.pl\/index.php\/wp-json\/wp\/v2\/types\/post"}],"author":[{"embeddable":true,"href":"https:\/\/rowerowysztos.pl\/index.php\/wp-json\/wp\/v2\/users\/1"}],"replies":[{"embeddable":true,"href":"https:\/\/rowerowysztos.pl\/index.php\/wp-json\/wp\/v2\/comments?post=821"}],"version-history":[{"count":3,"href":"https:\/\/rowerowysztos.pl\/index.php\/wp-json\/wp\/v2\/posts\/821\/revisions"}],"predecessor-version":[{"id":830,"href":"https:\/\/rowerowysztos.pl\/index.php\/wp-json\/wp\/v2\/posts\/821\/revisions\/830"}],"wp:featuredmedia":[{"embeddable":true,"href":"https:\/\/rowerowysztos.pl\/index.php\/wp-json\/wp\/v2\/media\/826"}],"wp:attachment":[{"href":"https:\/\/rowerowysztos.pl\/index.php\/wp-json\/wp\/v2\/media?parent=821"}],"wp:term":[{"taxonomy":"category","embeddable":true,"href":"https:\/\/rowerowysztos.pl\/index.php\/wp-json\/wp\/v2\/categories?post=821"},{"taxonomy":"post_tag","embeddable":true,"href":"https:\/\/rowerowysztos.pl\/index.php\/wp-json\/wp\/v2\/tags?post=821"}],"curies":[{"name":"wp","href":"https:\/\/api.w.org\/{rel}","templated":true}]}}