{"id":691,"date":"2021-07-19T23:27:48","date_gmt":"2021-07-19T21:27:48","guid":{"rendered":"https:\/\/rowerowysztos.pl\/?p=691"},"modified":"2021-07-20T22:04:38","modified_gmt":"2021-07-20T20:04:38","slug":"wyprawa-rowerowa-na-trajce","status":"publish","type":"post","link":"https:\/\/rowerowysztos.pl\/index.php\/2021\/07\/19\/wyprawa-rowerowa-na-trajce\/","title":{"rendered":"Wyprawa rowerowa Niemcy-Dania-Szwecja na trajce!"},"content":{"rendered":"<p>Jak raz zacz\u0119\u0142o si\u0119 obje\u017cd\u017ca\u0107 Ba\u0142tyk to dobrze by\u0142oby sko\u0144czy\u0107 ? Dlatego, w tym roku postanowili\u015bmy przejecha\u0107 kolejny fragment trasy Eurovelo R10. Przy okazji wyjazdu przetestowa\u0142em te\u017c mega wygodny rower poziomy \u2013 HP Velotechnik Scorpion FX, kt\u00f3rego test znajdziecie tutaj. To co? Ruszamy!<\/p>\n<p><img loading=\"lazy\" decoding=\"async\" class=\"alignnone wp-image-715 size-full\" src=\"https:\/\/rowerowysztos.pl\/wp-content\/uploads\/2021\/07\/mapka.bmp\" alt=\"Wyprawy rowerowe, blog o rowerach\" width=\"1238\" height=\"768\" srcset=\"https:\/\/rowerowysztos.pl\/wp-content\/uploads\/2021\/07\/mapka.bmp 1238w, https:\/\/rowerowysztos.pl\/wp-content\/uploads\/2021\/07\/mapka-300x186.jpg 300w, https:\/\/rowerowysztos.pl\/wp-content\/uploads\/2021\/07\/mapka-1024x635.jpg 1024w, https:\/\/rowerowysztos.pl\/wp-content\/uploads\/2021\/07\/mapka-768x476.jpg 768w, https:\/\/rowerowysztos.pl\/wp-content\/uploads\/2021\/07\/mapka-1080x670.jpg 1080w, https:\/\/rowerowysztos.pl\/wp-content\/uploads\/2021\/07\/mapka-980x608.jpg 980w, https:\/\/rowerowysztos.pl\/wp-content\/uploads\/2021\/07\/mapka-480x298.jpg 480w\" sizes=\"auto, (max-width: 1238px) 100vw, 1238px\" \/><\/p>\n<ol>\n<li><strong>\u015awinouj\u015bcie \u2013 Rostock<\/strong><\/li>\n<\/ol>\n<div id=\"attachment_695\" style=\"width: 2570px\" class=\"wp-caption alignnone\"><img loading=\"lazy\" decoding=\"async\" aria-describedby=\"caption-attachment-695\" class=\"size-full wp-image-695\" src=\"https:\/\/rowerowysztos.pl\/wp-content\/uploads\/2021\/07\/20210621_150939-scaled.jpg\" alt=\"Blog rowerowy, Dania na rowerze\" width=\"2560\" height=\"1440\" srcset=\"https:\/\/rowerowysztos.pl\/wp-content\/uploads\/2021\/07\/20210621_150939-scaled.jpg 2560w, https:\/\/rowerowysztos.pl\/wp-content\/uploads\/2021\/07\/20210621_150939-1280x720.jpg 1280w, https:\/\/rowerowysztos.pl\/wp-content\/uploads\/2021\/07\/20210621_150939-980x551.jpg 980w, https:\/\/rowerowysztos.pl\/wp-content\/uploads\/2021\/07\/20210621_150939-480x270.jpg 480w\" sizes=\"auto, (min-width: 0px) and (max-width: 480px) 480px, (min-width: 481px) and (max-width: 980px) 980px, (min-width: 981px) and (max-width: 1280px) 1280px, (min-width: 1281px) 2560px, 100vw\" \/><p id=\"caption-attachment-695\" class=\"wp-caption-text\">fot. Kacper G\u00f3rka<\/p><\/div>\n<p>Wypraw\u0119 zacz\u0119li\u015bmy w centrum \u015awinouj\u015bcia. Na parkingu, gdzie zostawiali\u015bmy auto by\u0142o tak gor\u0105co, \u017ce n\u00f3\u017cka roweru robi\u0142a dziury w asfalcie&#8230; Ruszyli\u015bmy bulwarem i \u015bcie\u017ck\u0105 w kierunku miasta Ahlbeck. Trajka od razu zacz\u0119\u0142a zwraca\u0107 na siebie uwag\u0119. Najlepsze by\u0142y dzieci, kt\u00f3re gapi\u0142y si\u0119 na rower z ciekawo\u015bci\u0105 i pyta\u0142y rodzic\u00f3w co to jest \ud83d\ude1b Po kilku kilometrach bulwar si\u0119 sko\u0144czy\u0142 i zacz\u0105\u0142 si\u0119 odcinek specjalny po le\u015bnych szutrowych \u015bcie\u017ckach, w tumanach kurzu. Pod g\u00f3r\u0119 by\u0142o \u015brednio, ale z g\u00f3ry zdecydowanie lepiej. Pierwszym ciekawym miejscem by\u0142 kemping, kt\u00f3ry ci\u0105gn\u0105\u0142 si\u0119 wzd\u0142u\u017c brzegu przez dobre kilka kilometr\u00f3w. Na koniec tego kr\u00f3tkiego dnia (kilkadziesi\u0105t kilometr\u00f3w) dotarli\u015bmy na kemping, gdzie bardzo niemi\u0142y Pan Niemiec nie m\u00f3wi\u0142 ani troch\u0119 po angielsku i chcia\u0142 okazania test\u00f3w. Po d\u0142u\u017cszej chwili w ko\u0144cu chyba uzna\u0142, \u017ce nasze certyfikaty to wyniki test\u00f3w i po podpisaniu jakich\u015b o\u015bwiadcze\u0144 wpu\u015bci\u0142 nas na kemping. Prysznic po ca\u0142ym dniu jazdy autem i rowerem w upale by\u0142 zbawienny! Nast\u0119pnego dnia oddalili\u015bmy si\u0119 od morza, \u017ceby troch\u0119 skr\u00f3ci\u0107 tras\u0119 i dojecha\u0107 do Rostocku na prom. Efektem by\u0142a jazda przez pola w prawie 36 stopniowym upale i pe\u0142nym s\u0142o\u0144cu.. Co tu du\u017co m\u00f3wi\u0107 zrobi\u0142o si\u0119 strasznie nudno.<\/p>\n<p><img loading=\"lazy\" decoding=\"async\" class=\"alignnone size-full wp-image-692\" src=\"https:\/\/rowerowysztos.pl\/wp-content\/uploads\/2021\/07\/20210620_191914-1-scaled.jpg\" alt=\"Co zabra\u0107 na wypraw\u0119 rowerow\u0105, wyprawa co zabra\u0107, rower poziomy\" width=\"2560\" height=\"1440\" srcset=\"https:\/\/rowerowysztos.pl\/wp-content\/uploads\/2021\/07\/20210620_191914-1-scaled.jpg 2560w, https:\/\/rowerowysztos.pl\/wp-content\/uploads\/2021\/07\/20210620_191914-1-1280x720.jpg 1280w, https:\/\/rowerowysztos.pl\/wp-content\/uploads\/2021\/07\/20210620_191914-1-980x551.jpg 980w, https:\/\/rowerowysztos.pl\/wp-content\/uploads\/2021\/07\/20210620_191914-1-480x270.jpg 480w\" sizes=\"auto, (min-width: 0px) and (max-width: 480px) 480px, (min-width: 481px) and (max-width: 980px) 980px, (min-width: 981px) and (max-width: 1280px) 1280px, (min-width: 1281px) 2560px, 100vw\" \/><\/p>\n<p>Trzaskali\u015bmy wi\u0119c Darreny (Darren-uj\u0119cie do filmu, w kt\u00f3rym kamerk\u0119 ustawia si\u0119 na statywie przed sob\u0105, przeje\u017cd\u017ca obok, po czym wraca si\u0119 po ni\u0105 \u015bmiesznym truchtem. Poj\u0119cie pochodzi od ameryka\u0144skiego podr\u00f3\u017cnika Darrena Alfa, kt\u00f3ry jest jednym z pionier\u00f3w tego typu scenek. Darren pozdrawiam ?) i polewali\u015bmy g\u0142owy wod\u0105, \u017ceby nie dosta\u0107 udaru. By\u0142o super. Po 137 km dojechali\u015bmy do kempingu Ostsee kamp z pi\u0119knym widokiem na Ba\u0142tyk o zachodzie s\u0142o\u0144ca.<\/p>\n<p><img loading=\"lazy\" decoding=\"async\" class=\"alignnone size-full wp-image-693\" src=\"https:\/\/rowerowysztos.pl\/wp-content\/uploads\/2021\/07\/20210620_212934-scaled.jpg\" alt=\"wyprawa rowerowa ile km dziennie, Wyprawa rowerowa Niemcy-Dania-Szwecja na trajce!\" width=\"2560\" height=\"1440\" srcset=\"https:\/\/rowerowysztos.pl\/wp-content\/uploads\/2021\/07\/20210620_212934-scaled.jpg 2560w, https:\/\/rowerowysztos.pl\/wp-content\/uploads\/2021\/07\/20210620_212934-1280x720.jpg 1280w, https:\/\/rowerowysztos.pl\/wp-content\/uploads\/2021\/07\/20210620_212934-980x551.jpg 980w, https:\/\/rowerowysztos.pl\/wp-content\/uploads\/2021\/07\/20210620_212934-480x270.jpg 480w\" sizes=\"auto, (min-width: 0px) and (max-width: 480px) 480px, (min-width: 481px) and (max-width: 980px) 980px, (min-width: 981px) and (max-width: 1280px) 1280px, (min-width: 1281px) 2560px, 100vw\" \/><\/p>\n<p>Kolejny dzie\u0144 zacz\u0105\u0142 si\u0119 od wczesnej pobudki i ulewy. Na szcz\u0119\u015bcie deszcz usta\u0142 zanim ruszyli\u015bmy i mogli\u015bmy spokojnie p\u0119dzi\u0107 na hybrydowy prom do Danii, kt\u00f3ry odp\u0142ywa\u0142 o 9 rano. Prom by\u0142 sp\u00f3\u017aniony (tak jak i my) wi\u0119c zd\u0105\u017cyli\u015bmy!<\/p>\n<ol start=\"2\">\n<li><strong>Dania<\/strong><\/li>\n<\/ol>\n<p><img loading=\"lazy\" decoding=\"async\" class=\"alignnone size-full wp-image-694\" src=\"https:\/\/rowerowysztos.pl\/wp-content\/uploads\/2021\/07\/20210621_092446-scaled.jpg\" alt=\"jaki rower wyprawowy, promem z rowerem\" width=\"2560\" height=\"1440\" srcset=\"https:\/\/rowerowysztos.pl\/wp-content\/uploads\/2021\/07\/20210621_092446-scaled.jpg 2560w, https:\/\/rowerowysztos.pl\/wp-content\/uploads\/2021\/07\/20210621_092446-1280x720.jpg 1280w, https:\/\/rowerowysztos.pl\/wp-content\/uploads\/2021\/07\/20210621_092446-980x551.jpg 980w, https:\/\/rowerowysztos.pl\/wp-content\/uploads\/2021\/07\/20210621_092446-480x270.jpg 480w\" sizes=\"auto, (min-width: 0px) and (max-width: 480px) 480px, (min-width: 481px) and (max-width: 980px) 980px, (min-width: 981px) and (max-width: 1280px) 1280px, (min-width: 1281px) 2560px, 100vw\" \/><\/p>\n<p>Pierwsze kilometry przez Dani\u0119 nie wr\u00f3\u017cy\u0142y niczego dobrego. Pusto, p\u0142asko, nic specjalnego. Jednak, gdy zacz\u0119li\u015bmy zbli\u017ca\u0107 si\u0119 do wybrze\u017ca, zacz\u0119\u0142o si\u0119 robi\u0107 ciekawiej.. Trasa wiod\u0142a gruntow\u0105 \u015bcie\u017ck\u0105 (na szcz\u0119\u015bcie utwardzon\u0105 i dobrze utrzyman\u0105) przez las tu\u017c nad brzegiem morza. Momentami mia\u0142em wra\u017cenie, jakbym obje\u017cd\u017ca\u0142 jakie\u015b jezioro w Polsce, a nie Ba\u0142tyk- jak wida\u0107 wybrze\u017ce mo\u017ce przybiera\u0107 najr\u00f3\u017cniejsze formy. Ciekawostk\u0105 by\u0142 fakt, \u017ce mijane miejscowo\u015bci by\u0142y niesamowicie opustosza\u0142e. Jakby pandemia trwa\u0142a tam w najlepsze.. Zdarza\u0142o si\u0119, \u017ce przeje\u017cd\u017cali\u015bmy miejscowo\u015bci i miasteczka licz\u0105ce po kilkadziesi\u0105t, a nawet kilkaset dom\u00f3w i nie widzieli\u015bmy absolutnie, ani jednego cz\u0142owieka. Nie by\u0142o s\u0142ycha\u0107 kosiarek, nie by\u0142o czu\u0107 grilla\u2026 Jedyn\u0105 oznak\u0105 \u017cycia by\u0142y stoj\u0105ce gdzieniegdzie samochody.<\/p>\n<p><img loading=\"lazy\" decoding=\"async\" class=\"alignnone size-full wp-image-696\" src=\"https:\/\/rowerowysztos.pl\/wp-content\/uploads\/2021\/07\/20210621_153431-scaled.jpg\" alt=\"wyprawa rowerowa alpy, blog rowerowy wyprawy\" width=\"2560\" height=\"1440\" srcset=\"https:\/\/rowerowysztos.pl\/wp-content\/uploads\/2021\/07\/20210621_153431-scaled.jpg 2560w, https:\/\/rowerowysztos.pl\/wp-content\/uploads\/2021\/07\/20210621_153431-1280x720.jpg 1280w, https:\/\/rowerowysztos.pl\/wp-content\/uploads\/2021\/07\/20210621_153431-980x551.jpg 980w, https:\/\/rowerowysztos.pl\/wp-content\/uploads\/2021\/07\/20210621_153431-480x270.jpg 480w\" sizes=\"auto, (min-width: 0px) and (max-width: 480px) 480px, (min-width: 481px) and (max-width: 980px) 980px, (min-width: 981px) and (max-width: 1280px) 1280px, (min-width: 1281px) 2560px, 100vw\" \/><\/p>\n<p>Kolejny prom na trasie zabra\u0142 nas na wysp\u0119 Bog\u00f8. Pan promowy by\u0142 doskonale zorientowany w sprawie tego kto kiedy zaczyna wakacje, zna\u0142 biegle angielski, a nawet par\u0119 s\u0142\u00f3w po polsku i poleci\u0142 wiele miejscowych atrakcji i sklep\u00f3w ?<\/p>\n<p><img loading=\"lazy\" decoding=\"async\" class=\"alignnone size-full wp-image-697\" src=\"https:\/\/rowerowysztos.pl\/wp-content\/uploads\/2021\/07\/20210621_162954-scaled.jpg\" alt=\"recenzja roweru tr\u00f3jko\u0142owego, test rower wyprawowy\" width=\"1440\" height=\"2560\" srcset=\"https:\/\/rowerowysztos.pl\/wp-content\/uploads\/2021\/07\/20210621_162954-scaled.jpg 1440w, https:\/\/rowerowysztos.pl\/wp-content\/uploads\/2021\/07\/20210621_162954-1280x2276.jpg 1280w, https:\/\/rowerowysztos.pl\/wp-content\/uploads\/2021\/07\/20210621_162954-980x1742.jpg 980w, https:\/\/rowerowysztos.pl\/wp-content\/uploads\/2021\/07\/20210621_162954-480x853.jpg 480w\" sizes=\"auto, (min-width: 0px) and (max-width: 480px) 480px, (min-width: 481px) and (max-width: 980px) 980px, (min-width: 981px) and (max-width: 1280px) 1280px, (min-width: 1281px) 1440px, 100vw\" \/><\/p>\n<p>W Danii i Szwecji jest \u015bwietna sie\u0107 tzw. schronie\u0144, w kt\u00f3rych mo\u017cna si\u0119 spokojnie kimn\u0105\u0107 bez namiotu. Zwykle w pobli\u017cu jest te\u017c miejsce \u017ceby rozpali\u0107 ognisko, super widok i s\u0142awojka. Pierwszy biwak, na kt\u00f3rym si\u0119 zatrzymali\u015bmy mia\u0142 widok na zatok\u0119, now\u0105 wiatk\u0119 na grilla, a nawet mini domek dla psa ?<\/p>\n<div id=\"attachment_698\" style=\"width: 2570px\" class=\"wp-caption alignnone\"><img loading=\"lazy\" decoding=\"async\" aria-describedby=\"caption-attachment-698\" class=\"wp-image-698 size-full\" src=\"https:\/\/rowerowysztos.pl\/wp-content\/uploads\/2021\/07\/20210622_081735-scaled.jpg\" alt=\"Nietypowy blog o rowerach, bikepacking Dania, Bikepacking\" width=\"2560\" height=\"1440\" srcset=\"https:\/\/rowerowysztos.pl\/wp-content\/uploads\/2021\/07\/20210622_081735-scaled.jpg 2560w, https:\/\/rowerowysztos.pl\/wp-content\/uploads\/2021\/07\/20210622_081735-1280x720.jpg 1280w, https:\/\/rowerowysztos.pl\/wp-content\/uploads\/2021\/07\/20210622_081735-980x551.jpg 980w, https:\/\/rowerowysztos.pl\/wp-content\/uploads\/2021\/07\/20210622_081735-480x270.jpg 480w\" sizes=\"auto, (min-width: 0px) and (max-width: 480px) 480px, (min-width: 481px) and (max-width: 980px) 980px, (min-width: 981px) and (max-width: 1280px) 1280px, (min-width: 1281px) 2560px, 100vw\" \/><p id=\"caption-attachment-698\" class=\"wp-caption-text\">fot. Kacper G\u00f3rka<\/p><\/div>\n<p>Kolejnego dnia w planach by\u0142a dawna baza wojskowa NATO oraz klify w Stevns. Specjalnie sprawdzi\u0142em, \u017ce baz\u0119 mo\u017cna zwiedza\u0107 do 17. P\u0119dzili\u015bmy na z\u0142amanie karku\u2026 Na miejscu tabliczka \u2013 dzi\u015b czynne do 15 \ud83d\ude00 Pewnym wynagrodzeniem okaza\u0142o si\u0119 by\u0107 pobliskie wi\u0119zienie, z kt\u00f3rego dochodzi\u0142y naprawd\u0119 ciekawe d\u017awi\u0119ki, troch\u0119 jak z horroru, a troch\u0119 jak z zoo. Na deser po obiedzie kupi\u0142em pyszne truskawki prosto od rolnika. Przeliczaj\u0105c na z\u0142ot\u00f3wki kosztowa\u0142y 50 z\u0142\/kg&#8230; gdyby kto\u015b si\u0119 zastanawia\u0142, czy w Danii jest drogo.<\/p>\n<div id=\"attachment_717\" style=\"width: 2570px\" class=\"wp-caption alignnone\"><img loading=\"lazy\" decoding=\"async\" aria-describedby=\"caption-attachment-717\" class=\"size-full wp-image-717\" src=\"https:\/\/rowerowysztos.pl\/wp-content\/uploads\/2021\/07\/20210622_163147-scaled.jpg\" alt=\"Sakwy Ortlieb, HP Velotechnik Scorpion FX, rowerem przez Dani\u0119\" width=\"2560\" height=\"1440\" srcset=\"https:\/\/rowerowysztos.pl\/wp-content\/uploads\/2021\/07\/20210622_163147-scaled.jpg 2560w, https:\/\/rowerowysztos.pl\/wp-content\/uploads\/2021\/07\/20210622_163147-1280x720.jpg 1280w, https:\/\/rowerowysztos.pl\/wp-content\/uploads\/2021\/07\/20210622_163147-980x551.jpg 980w, https:\/\/rowerowysztos.pl\/wp-content\/uploads\/2021\/07\/20210622_163147-480x270.jpg 480w\" sizes=\"auto, (min-width: 0px) and (max-width: 480px) 480px, (min-width: 481px) and (max-width: 980px) 980px, (min-width: 981px) and (max-width: 1280px) 1280px, (min-width: 1281px) 2560px, 100vw\" \/><p id=\"caption-attachment-717\" class=\"wp-caption-text\">fot. Kacper G\u00f3rka<\/p><\/div>\n<p><img loading=\"lazy\" decoding=\"async\" class=\"alignnone size-full wp-image-700\" src=\"https:\/\/rowerowysztos.pl\/wp-content\/uploads\/2021\/07\/20210622_163552-scaled.jpg\" alt=\"Rowerem wok\u00f3\u0142 Ba\u0142tyku, trasa rowerowa R10, jedzenie w Danii\" width=\"2560\" height=\"1440\" srcset=\"https:\/\/rowerowysztos.pl\/wp-content\/uploads\/2021\/07\/20210622_163552-scaled.jpg 2560w, https:\/\/rowerowysztos.pl\/wp-content\/uploads\/2021\/07\/20210622_163552-1280x720.jpg 1280w, https:\/\/rowerowysztos.pl\/wp-content\/uploads\/2021\/07\/20210622_163552-980x551.jpg 980w, https:\/\/rowerowysztos.pl\/wp-content\/uploads\/2021\/07\/20210622_163552-480x270.jpg 480w\" sizes=\"auto, (min-width: 0px) and (max-width: 480px) 480px, (min-width: 481px) and (max-width: 980px) 980px, (min-width: 981px) and (max-width: 1280px) 1280px, (min-width: 1281px) 2560px, 100vw\" \/><\/p>\n<p>Zanim jednak dojechali\u015bmy do klif\u00f3w, trafili\u015bmy na miejscowo\u015b\u0107 Faxe, gdzie mo\u017cna by\u0142o poczu\u0107 nadmorski klimat. \u0141adne domki, restauracje nad sam\u0105 wod\u0105 i chyba najlepsza miejsc\u00f3wka do k\u0105pieli na ca\u0142ej trasie! Pomost jak marzenie, czysta i ciep\u0142a woda bez glon\u00f3w i piaszczyste dno.. Rewelacja!<\/p>\n<p><img loading=\"lazy\" decoding=\"async\" class=\"alignnone size-full wp-image-699\" src=\"https:\/\/rowerowysztos.pl\/wp-content\/uploads\/2021\/07\/20210622_143356-scaled.jpg\" alt=\"Pla\u017ce ba\u0142tyku, rowerem nad morze, ba\u0142tyk rowerem\" width=\"2560\" height=\"1440\" srcset=\"https:\/\/rowerowysztos.pl\/wp-content\/uploads\/2021\/07\/20210622_143356-scaled.jpg 2560w, https:\/\/rowerowysztos.pl\/wp-content\/uploads\/2021\/07\/20210622_143356-1280x720.jpg 1280w, https:\/\/rowerowysztos.pl\/wp-content\/uploads\/2021\/07\/20210622_143356-980x551.jpg 980w, https:\/\/rowerowysztos.pl\/wp-content\/uploads\/2021\/07\/20210622_143356-480x270.jpg 480w\" sizes=\"auto, (min-width: 0px) and (max-width: 480px) 480px, (min-width: 481px) and (max-width: 980px) 980px, (min-width: 981px) and (max-width: 1280px) 1280px, (min-width: 1281px) 2560px, 100vw\" \/><\/p>\n<p>Klify w Stevns gdzie robili\u015bmy obiad a\u2019la Mak\u0142owicz te\u017c prezentowa\u0142y si\u0119 niebiednie.. Uroku dodawa\u0142 zw\u0142aszcza ko\u015bci\u00f3\u0142ek stoj\u0105cy na samej kraw\u0119dzi urwiska. Zamiast o\u0142tarza mia\u0142 balkon z widokiem na morze. Dodatkowo to miejsce jest podobno bardzo wa\u017cne pod k\u0105tem badania jakiej\u015b gliny z epoki wymierania dinozaur\u00f3w i ma zosta\u0107 wpisane na list\u0119 UNESCO. Je\u017celi lubicie glin\u0119 to jest to miejsce dla Was, chocia\u017c dla widok\u00f3w i najwy\u017cszych klif\u00f3w nad Ba\u0142tykiem te\u017c warto tam zajrze\u0107 ?<\/p>\n<p><img loading=\"lazy\" decoding=\"async\" class=\"alignnone size-full wp-image-701\" src=\"https:\/\/rowerowysztos.pl\/wp-content\/uploads\/2021\/07\/20210622_170036-scaled.jpg\" alt=\"Nietypowy blog o rowerach, klify nad ba\u0142tykiem\" width=\"2560\" height=\"1440\" srcset=\"https:\/\/rowerowysztos.pl\/wp-content\/uploads\/2021\/07\/20210622_170036-scaled.jpg 2560w, https:\/\/rowerowysztos.pl\/wp-content\/uploads\/2021\/07\/20210622_170036-1280x720.jpg 1280w, https:\/\/rowerowysztos.pl\/wp-content\/uploads\/2021\/07\/20210622_170036-980x551.jpg 980w, https:\/\/rowerowysztos.pl\/wp-content\/uploads\/2021\/07\/20210622_170036-480x270.jpg 480w\" sizes=\"auto, (min-width: 0px) and (max-width: 480px) 480px, (min-width: 481px) and (max-width: 980px) 980px, (min-width: 981px) and (max-width: 1280px) 1280px, (min-width: 1281px) 2560px, 100vw\" \/><\/p>\n<p>Na koniec dnia skorzystali\u015bmy z kolejnej chatki. W pobli\u017cu by\u0142a rzeczka, wi\u0119c mo\u017cna by\u0142o nabra\u0107 wody do przeno\u015bnego prysznica i gotowe!<\/p>\n<p><img loading=\"lazy\" decoding=\"async\" class=\"alignnone size-full wp-image-719\" src=\"https:\/\/rowerowysztos.pl\/wp-content\/uploads\/2021\/07\/20210622_210002-scaled.jpg\" alt=\"Gotowanie na rowerze, bikepacking, bicycletouring, bushcraft\" width=\"2560\" height=\"1440\" srcset=\"https:\/\/rowerowysztos.pl\/wp-content\/uploads\/2021\/07\/20210622_210002-scaled.jpg 2560w, https:\/\/rowerowysztos.pl\/wp-content\/uploads\/2021\/07\/20210622_210002-1280x720.jpg 1280w, https:\/\/rowerowysztos.pl\/wp-content\/uploads\/2021\/07\/20210622_210002-980x551.jpg 980w, https:\/\/rowerowysztos.pl\/wp-content\/uploads\/2021\/07\/20210622_210002-480x270.jpg 480w\" sizes=\"auto, (min-width: 0px) and (max-width: 480px) 480px, (min-width: 481px) and (max-width: 980px) 980px, (min-width: 981px) and (max-width: 1280px) 1280px, (min-width: 1281px) 2560px, 100vw\" \/><\/p>\n<ol start=\"3\">\n<li><strong>Kopenhaga <\/strong><strong>?<\/strong><strong>!<\/strong><\/li>\n<\/ol>\n<p>Dojazd do Kopenhagi od strony po\u0142udniowej nie by\u0142 zbyt ciekawy, swoj\u0105 cegie\u0142k\u0119 do\u0142o\u017cy\u0142a te\u017c ponura pogoda. Na szcz\u0119\u015bcie miasto by\u0142o naprawd\u0119 genialne. Oczywi\u015bcie nie pozna\u0142em dobrze Kopenhagi i my\u015bl\u0119, \u017ce trzeba by po\u015bwi\u0119ci\u0107 co najmniej z tydzie\u0144, \u017ceby dobrze j\u0105 zwiedzi\u0107, ale par\u0119 rzeczy zwr\u00f3ci\u0142o moj\u0105 uwag\u0119. Po pierwsze Kopenhaga po\u0142o\u017cona jest blisko wody. Pe\u0142no tu kana\u0142\u00f3w, most\u00f3w i wysepek. Dzi\u0119ki temu przedmie\u015bcia wygl\u0105daj\u0105 jak idealne miejsca na rekreacj\u0119. Doje\u017cd\u017caj\u0105c widzieli\u015bmy np. kolarzy sun\u0105cych po \u015bcie\u017ckach poprowadzonych po wa\u0142ach wok\u00f3\u0142 wyspy Drag\u00f8r. Po drugiej stronie cie\u015bniny Sund wida\u0107 ju\u017c wybrze\u017ce Szwecji i mn\u00f3stwo p\u0142ywaj\u0105cych statk\u00f3w. Z atrakcji s\u0105 te\u017c farmy wiatrak\u00f3w stoj\u0105ce na morzu oraz wielki prawie 8 kilometrowy most \u00d8resundsbron \u0142\u0105cz\u0105cy Szwecj\u0119 z Dani\u0105. Jakby tego by\u0142o ma\u0142o nad sam\u0105 wod\u0105 znajduje si\u0119 lotnisko. Samoloty podchodz\u0105 do l\u0105dowania od strony morza ? Poza samolotami wra\u017cenie robi te\u017c gigantyczna spalarnia \u015bmieci, na kt\u00f3rej zbudowano ca\u0142kiem d\u0142ugi stok narciarski.<\/p>\n<p><img loading=\"lazy\" decoding=\"async\" class=\"alignnone size-full wp-image-720\" src=\"https:\/\/rowerowysztos.pl\/wp-content\/uploads\/2021\/07\/P1010988-scaled.jpg\" alt=\"Kopenhaga na rowerze\" width=\"2560\" height=\"1439\" srcset=\"https:\/\/rowerowysztos.pl\/wp-content\/uploads\/2021\/07\/P1010988-scaled.jpg 2560w, https:\/\/rowerowysztos.pl\/wp-content\/uploads\/2021\/07\/P1010988-1280x720.jpg 1280w, https:\/\/rowerowysztos.pl\/wp-content\/uploads\/2021\/07\/P1010988-980x551.jpg 980w, https:\/\/rowerowysztos.pl\/wp-content\/uploads\/2021\/07\/P1010988-480x270.jpg 480w\" sizes=\"auto, (min-width: 0px) and (max-width: 480px) 480px, (min-width: 481px) and (max-width: 980px) 980px, (min-width: 981px) and (max-width: 1280px) 1280px, (min-width: 1281px) 2560px, 100vw\" \/><\/p>\n<p>Pewnie ju\u017c si\u0119 domy\u015blacie, \u017ce na blogu o rowerach musz\u0119 napisa\u0107 co\u015b o \u015bcie\u017ckach rowerowych w Kopenhadze\u2026 S\u0105 naprawd\u0119 niesamowite! Zapomnijcie na chwil\u0119 o pozbrukowej nawierzchni, braku \u015bcie\u017cek przy g\u0142\u00f3wnych ulicach, dominacji samochod\u00f3w i napastliwych kierowcach. Wyobra\u017acie sobie \u015bwiat, gdzie dla rower\u00f3w buduje si\u0119 oddzielne mosty (po kt\u00f3rych nie \u0142a\u017c\u0105 piesi), gdzie ludzie je\u017cd\u017c\u0105 na rowerach odpowiedzialnie i sygnalizuj\u0105 swoje manewry i gdzie drogi prowadzone s\u0105 tak, \u017ce jedzie si\u0119 naprawd\u0119 p\u0142ynnie \u2013 bez \u017cadnych skr\u0119t\u00f3w pod k\u0105tem prostym, ko\u0144cz\u0105cych si\u0119 bez ostrze\u017cenia \u015bcie\u017cek i bezsensownych przycisk\u00f3w dla rowerzyst\u00f3w. Tak, jest takie miejsce \u2013 Kopenhaga! Nie chc\u0119 tutaj zbyt rozwija\u0107 tego tematu, ale powiem tylko jedno. Wida\u0107, \u017ce drogi rowerowe projektuj\u0105 tam ludzie, kt\u00f3rzy sami je\u017cd\u017c\u0105 i dobrze wiedz\u0105, jak to powinno wygl\u0105da\u0107\u2026<\/p>\n<p><img loading=\"lazy\" decoding=\"async\" class=\"alignnone size-full wp-image-721\" src=\"https:\/\/rowerowysztos.pl\/wp-content\/uploads\/2021\/07\/20210623_140122-scaled.jpg\" alt=\"\u015acie\u017cka dla rower\u00f3w, infrastruktura rowerowa, Zwiedzanie Kopenhagi\" width=\"2560\" height=\"1440\" srcset=\"https:\/\/rowerowysztos.pl\/wp-content\/uploads\/2021\/07\/20210623_140122-scaled.jpg 2560w, https:\/\/rowerowysztos.pl\/wp-content\/uploads\/2021\/07\/20210623_140122-1280x720.jpg 1280w, https:\/\/rowerowysztos.pl\/wp-content\/uploads\/2021\/07\/20210623_140122-980x551.jpg 980w, https:\/\/rowerowysztos.pl\/wp-content\/uploads\/2021\/07\/20210623_140122-480x270.jpg 480w\" sizes=\"auto, (min-width: 0px) and (max-width: 480px) 480px, (min-width: 481px) and (max-width: 980px) 980px, (min-width: 981px) and (max-width: 1280px) 1280px, (min-width: 1281px) 2560px, 100vw\" \/><\/p>\n<p>To wszystko powoduje, \u017ce jazda rowerem po tym mie\u015bcie jest naprawd\u0119 wielk\u0105 przyjemno\u015bci\u0105. Je\u017cd\u017c\u0105 wszyscy. Biznesmani, ludzie zawo\u017c\u0105cy dzieci do szko\u0142y, kole\u017canki jad\u0105ce na kaw\u0119 do centrum. Co\u015b niesamowitego\u2026 Ciekawostk\u0105, kt\u00f3r\u0105 odkry\u0142em je\u017cd\u017c\u0105c z bananem na twarzy po Kopenhadze by\u0142o to, \u017ce mn\u00f3stwo kobiet i dziewczyn nie je\u017adzi tam w kaskach, ale w H\u00f6vdingach. H\u00f6vding to co\u015b na kszta\u0142t szalika lub chom\u0105ta, w kt\u00f3rym mie\u015bci si\u0119 poduszka powietrzna w kszta\u0142cie wielkiego kaptura. W momencie wykrycia nag\u0142ego przyspieszenia przy upadku, odpala si\u0119 poduszka i ratuje nasz\u0105 g\u0142ow\u0119. Super sprawa, gdy chcemy zachowa\u0107 fryzur\u0119, ale pozosta\u0107 bezpiecznym. Niestety jest to do\u015b\u0107 droga forma ochrony, bo kosztuje ponad tysi\u0105c z\u0142otych.<\/p>\n<p><img loading=\"lazy\" decoding=\"async\" class=\"alignnone size-full wp-image-722\" src=\"https:\/\/rowerowysztos.pl\/wp-content\/uploads\/2021\/07\/20210623_163717-scaled.jpg\" alt=\"Wyprawa rowerowa, tr\u00f3jko\u0142owy rower poziomy, Rowerem przez Dani\u0119\" width=\"2560\" height=\"1440\" srcset=\"https:\/\/rowerowysztos.pl\/wp-content\/uploads\/2021\/07\/20210623_163717-scaled.jpg 2560w, https:\/\/rowerowysztos.pl\/wp-content\/uploads\/2021\/07\/20210623_163717-1280x720.jpg 1280w, https:\/\/rowerowysztos.pl\/wp-content\/uploads\/2021\/07\/20210623_163717-980x551.jpg 980w, https:\/\/rowerowysztos.pl\/wp-content\/uploads\/2021\/07\/20210623_163717-480x270.jpg 480w\" sizes=\"auto, (min-width: 0px) and (max-width: 480px) 480px, (min-width: 481px) and (max-width: 980px) 980px, (min-width: 981px) and (max-width: 1280px) 1280px, (min-width: 1281px) 2560px, 100vw\" \/><\/p>\n<p>W Kopenhadze poza zobaczeniem stoku na spalarni \u015bmieci, Syrenki, port\u00f3w, Nyhavn i paru innych atrakcji dotarli\u015bmy te\u017c na burgery w Halifaksie.. Zdecydowanie polecam!<\/p>\n<div style=\"width: 1080px;\" class=\"wp-video\"><video class=\"wp-video-shortcode\" id=\"video-691-1\" width=\"1080\" height=\"608\" preload=\"metadata\" controls=\"controls\"><source type=\"video\/mp4\" src=\"https:\/\/rowerowysztos.pl\/wp-content\/uploads\/2021\/07\/20210623_163955.mp4?_=1\" \/><a href=\"https:\/\/rowerowysztos.pl\/wp-content\/uploads\/2021\/07\/20210623_163955.mp4\">https:\/\/rowerowysztos.pl\/wp-content\/uploads\/2021\/07\/20210623_163955.mp4<\/a><\/video><\/div>\n<p>Na kempingu, na kt\u00f3rym si\u0119 zatrzymali\u015bmy Du\u0144czycy obchodzili \u015bwi\u0119to Midsommer, pal\u0105c wielki drewniany stos i \u015bpiewaj\u0105c jakie\u015b mruczane piosenki\u2026<\/p>\n<p><img loading=\"lazy\" decoding=\"async\" class=\"alignnone size-full wp-image-723\" src=\"https:\/\/rowerowysztos.pl\/wp-content\/uploads\/2021\/07\/20210623_210430-scaled.jpg\" alt=\"Kemping Kopenhaga, noclegi w Danii\" width=\"2560\" height=\"1440\" srcset=\"https:\/\/rowerowysztos.pl\/wp-content\/uploads\/2021\/07\/20210623_210430-scaled.jpg 2560w, https:\/\/rowerowysztos.pl\/wp-content\/uploads\/2021\/07\/20210623_210430-1280x720.jpg 1280w, https:\/\/rowerowysztos.pl\/wp-content\/uploads\/2021\/07\/20210623_210430-980x551.jpg 980w, https:\/\/rowerowysztos.pl\/wp-content\/uploads\/2021\/07\/20210623_210430-480x270.jpg 480w\" sizes=\"auto, (min-width: 0px) and (max-width: 480px) 480px, (min-width: 481px) and (max-width: 980px) 980px, (min-width: 981px) and (max-width: 1280px) 1280px, (min-width: 1281px) 2560px, 100vw\" \/><\/p>\n<p>Kolejnego dnia zostawili\u015bmy Kopenhag\u0119 za sob\u0105 i jechali\u015bmy w kierunku przeprawy promowej do Szwecji z miasta Helsing\u00f8r. P\u00f3\u0142nocne przedmie\u015bcia Kopenhagi przypomina\u0142y mi troch\u0119 klimatem miasta takie jak Miami na Florydzie \u2026. Szerokie bulwary, wille, pola golfowe, pla\u017ce i drogie jachty. Tu\u017c przed wej\u015bciem na prom zwiedzi\u0142em jeszcze zamek Kronborg, zwany zamkiem Hamleta, kt\u00f3ry od XV wieku strzeg\u0142 cie\u015bniny Sund. Zamek jest naprawd\u0119 wielki, ale wra\u017cenie robi przede wszystkim po\u0142o\u017ceniem. Z jego okien wida\u0107 nie tylko odleg\u0142\u0105 o 2 km Szwecj\u0119, ale tak\u017ce mn\u00f3stwo statk\u00f3w i jacht\u00f3w przep\u0142ywaj\u0105cych cie\u015bnin\u0105. Wok\u00f3\u0142 zamku roztaczaj\u0105 si\u0119 ogromne fortyfikacje, a tak\u017ce zabytkowe koszary, gdy\u017c a\u017c do 1922 roku stacjonowa\u0142o tutaj wojsko.<\/p>\n<p><img loading=\"lazy\" decoding=\"async\" class=\"alignnone wp-image-704 size-full\" src=\"https:\/\/rowerowysztos.pl\/wp-content\/uploads\/2021\/07\/20210624_170551-scaled.jpg\" alt=\"Zamki w Danii, Cie\u015bnina Sund, rowerowa przygoda, zabytki na rowerze, Kronborg\" width=\"2560\" height=\"1440\" srcset=\"https:\/\/rowerowysztos.pl\/wp-content\/uploads\/2021\/07\/20210624_170551-scaled.jpg 2560w, https:\/\/rowerowysztos.pl\/wp-content\/uploads\/2021\/07\/20210624_170551-1280x720.jpg 1280w, https:\/\/rowerowysztos.pl\/wp-content\/uploads\/2021\/07\/20210624_170551-980x551.jpg 980w, https:\/\/rowerowysztos.pl\/wp-content\/uploads\/2021\/07\/20210624_170551-480x270.jpg 480w\" sizes=\"auto, (min-width: 0px) and (max-width: 480px) 480px, (min-width: 481px) and (max-width: 980px) 980px, (min-width: 981px) and (max-width: 1280px) 1280px, (min-width: 1281px) 2560px, 100vw\" \/><\/p>\n<p><img loading=\"lazy\" decoding=\"async\" class=\"alignnone wp-image-703 size-full\" src=\"https:\/\/rowerowysztos.pl\/wp-content\/uploads\/2021\/07\/20210624_165930-scaled.jpg\" alt=\"Wyprawa rowerowa Niemcy-Dania-Szwecja na trajce! Sund\" width=\"2560\" height=\"1440\" srcset=\"https:\/\/rowerowysztos.pl\/wp-content\/uploads\/2021\/07\/20210624_165930-scaled.jpg 2560w, https:\/\/rowerowysztos.pl\/wp-content\/uploads\/2021\/07\/20210624_165930-1280x720.jpg 1280w, https:\/\/rowerowysztos.pl\/wp-content\/uploads\/2021\/07\/20210624_165930-980x551.jpg 980w, https:\/\/rowerowysztos.pl\/wp-content\/uploads\/2021\/07\/20210624_165930-480x270.jpg 480w\" sizes=\"auto, (min-width: 0px) and (max-width: 480px) 480px, (min-width: 481px) and (max-width: 980px) 980px, (min-width: 981px) and (max-width: 1280px) 1280px, (min-width: 1281px) 2560px, 100vw\" \/><\/p>\n<ol start=\"4\">\n<li><strong>Szwecja<\/strong><\/li>\n<\/ol>\n<div id=\"attachment_705\" style=\"width: 2570px\" class=\"wp-caption alignnone\"><img loading=\"lazy\" decoding=\"async\" aria-describedby=\"caption-attachment-705\" class=\"wp-image-705 size-full\" src=\"https:\/\/rowerowysztos.pl\/wp-content\/uploads\/2021\/07\/20210624_183722-scaled.jpg\" alt=\"Szwecja na rowerze, rowerem przez Skandynawi\u0119, Wyprawa rowerowa Niemcy-Dania-Szwecja na trajce!\" width=\"2560\" height=\"1440\" srcset=\"https:\/\/rowerowysztos.pl\/wp-content\/uploads\/2021\/07\/20210624_183722-scaled.jpg 2560w, https:\/\/rowerowysztos.pl\/wp-content\/uploads\/2021\/07\/20210624_183722-1280x720.jpg 1280w, https:\/\/rowerowysztos.pl\/wp-content\/uploads\/2021\/07\/20210624_183722-980x551.jpg 980w, https:\/\/rowerowysztos.pl\/wp-content\/uploads\/2021\/07\/20210624_183722-480x270.jpg 480w\" sizes=\"auto, (min-width: 0px) and (max-width: 480px) 480px, (min-width: 481px) and (max-width: 980px) 980px, (min-width: 981px) and (max-width: 1280px) 1280px, (min-width: 1281px) 2560px, 100vw\" \/><p id=\"caption-attachment-705\" class=\"wp-caption-text\">fot. Kacper G\u00f3rka<\/p><\/div>\n<p>W Szwecji wyl\u0105dowali\u015bmy w mie\u015bcie Helsingborg i od razu da\u0142o si\u0119 poczu\u0107, \u017ce jest inaczej ni\u017c w Danii. Po pierwsze budynki sta\u0142y si\u0119 ciemniejsze i bardziej przyt\u0142aczaj\u0105ce, po drugie wida\u0107 by\u0142o zdecydowanie wi\u0119cej imigrant\u00f3w, a po trzecie co chwil\u0119 mo\u017cna by\u0142o poczu\u0107 zapach grilla. Za miastem rozpocz\u0119\u0142a si\u0119 asfaltowa \u015bcie\u017cka prowadz\u0105ca nad samym morzem \u2013 naprawd\u0119 super odcinek!<\/p>\n<p><img loading=\"lazy\" decoding=\"async\" class=\"alignnone wp-image-706 size-full\" src=\"https:\/\/rowerowysztos.pl\/wp-content\/uploads\/2021\/07\/20210624_185612-scaled.jpg\" alt=\"test tr\u00f3jko\u0142owego roweru poziomego, blog o rowerach nietypowych, HP Velotechnik Scorpion FX, Hofrad trikes\" width=\"2560\" height=\"1440\" srcset=\"https:\/\/rowerowysztos.pl\/wp-content\/uploads\/2021\/07\/20210624_185612-scaled.jpg 2560w, https:\/\/rowerowysztos.pl\/wp-content\/uploads\/2021\/07\/20210624_185612-1280x720.jpg 1280w, https:\/\/rowerowysztos.pl\/wp-content\/uploads\/2021\/07\/20210624_185612-980x551.jpg 980w, https:\/\/rowerowysztos.pl\/wp-content\/uploads\/2021\/07\/20210624_185612-480x270.jpg 480w\" sizes=\"auto, (min-width: 0px) and (max-width: 480px) 480px, (min-width: 481px) and (max-width: 980px) 980px, (min-width: 981px) and (max-width: 1280px) 1280px, (min-width: 1281px) 2560px, 100vw\" \/><\/p>\n<p>Po kilku kilometrach dotarli\u015bmy do kolejnego na naszej trasie drewnianego schronienia. Jak si\u0119 okaza\u0142o by\u0142o zaj\u0119te przez jakie\u015b dzieciaki z nauczycielami na plenerowych zaj\u0119ciach. Na nasze szcz\u0119\u015bcie nauczyciele powiedzieli, \u017ce b\u0119d\u0105 tam tylko do godziny 20 i s\u0142owa dotrzymali. Ze wzgl\u0119du na brak wystarczaj\u0105co ciep\u0142ych \u015bpiwor\u00f3w, rozbili\u015bmy nasze namioty wewn\u0105trz chatki. Nieopodal by\u0142 te\u017c pla\u017cowy prysznic ze s\u0142odk\u0105 wod\u0105 i toalety \u2013 wi\u0119cej naprawd\u0119 nie potrzeba! Widok z chatki na cie\u015bnin\u0119 Sund by\u0142 naprawd\u0119 niesamowity, a s\u0142o\u0144ce zasz\u0142o dopiero ko\u0142o godziny 23. Jak si\u0119 okaza\u0142o z chatki chcia\u0142o skorzysta\u0107 wi\u0119cej os\u00f3b. Tu\u017c przed zachodem dotar\u0142o tam 2 bikepackingowc\u00f3w, kt\u00f3rzy w og\u00f3le si\u0119 do siebie nie odzywali, a chwil\u0119 po nich przysz\u0142a jaka\u015b dziewczyna z plecakiem, kt\u00f3ra bez przerwy gada\u0142a przez telefon. Na szcz\u0119\u015bcie mieli ze sob\u0105 namioty i jako\u015b sobie poradzili ?<\/p>\n<p><img loading=\"lazy\" decoding=\"async\" class=\"alignnone size-full wp-image-708\" src=\"https:\/\/rowerowysztos.pl\/wp-content\/uploads\/2021\/07\/20210624_200807-scaled.jpg\" alt=\"Bike packing, wyprawa z sakwami, rower przygodowy\" width=\"2560\" height=\"1440\" srcset=\"https:\/\/rowerowysztos.pl\/wp-content\/uploads\/2021\/07\/20210624_200807-scaled.jpg 2560w, https:\/\/rowerowysztos.pl\/wp-content\/uploads\/2021\/07\/20210624_200807-1280x720.jpg 1280w, https:\/\/rowerowysztos.pl\/wp-content\/uploads\/2021\/07\/20210624_200807-980x551.jpg 980w, https:\/\/rowerowysztos.pl\/wp-content\/uploads\/2021\/07\/20210624_200807-480x270.jpg 480w\" sizes=\"auto, (min-width: 0px) and (max-width: 480px) 480px, (min-width: 481px) and (max-width: 980px) 980px, (min-width: 981px) and (max-width: 1280px) 1280px, (min-width: 1281px) 2560px, 100vw\" \/><\/p>\n<p><img loading=\"lazy\" decoding=\"async\" class=\"alignnone wp-image-709 size-full\" src=\"https:\/\/rowerowysztos.pl\/wp-content\/uploads\/2021\/07\/20210624_200840-scaled.jpg\" alt=\"Epic Bicycle rides, Quechua Easy 2 Seconds 2, Wyprawa rowerowa Niemcy-Dania-Szwecja na trajce!\" width=\"2560\" height=\"1440\" srcset=\"https:\/\/rowerowysztos.pl\/wp-content\/uploads\/2021\/07\/20210624_200840-scaled.jpg 2560w, https:\/\/rowerowysztos.pl\/wp-content\/uploads\/2021\/07\/20210624_200840-1280x720.jpg 1280w, https:\/\/rowerowysztos.pl\/wp-content\/uploads\/2021\/07\/20210624_200840-980x551.jpg 980w, https:\/\/rowerowysztos.pl\/wp-content\/uploads\/2021\/07\/20210624_200840-480x270.jpg 480w\" sizes=\"auto, (min-width: 0px) and (max-width: 480px) 480px, (min-width: 481px) and (max-width: 980px) 980px, (min-width: 981px) and (max-width: 1280px) 1280px, (min-width: 1281px) 2560px, 100vw\" \/><\/p>\n<p>Po pierwszej wizycie w Szwecji wydawa\u0142o mi si\u0119, \u017ce ca\u0142e jej wybrze\u017ce b\u0119dzie mia\u0142o form\u0119 szkierow\u0105 z licznymi p\u0142askimi ska\u0142ami i wysepkami. Jak si\u0119 okaza\u0142o bardzo si\u0119 myli\u0142em, gdy\u017c odcinek blisko Danii by\u0142 niemal zupe\u0142nie p\u0142aski i przypomina\u0142 raczej wybrze\u017ce zatoki Gda\u0144skiej ni\u017c odleg\u0142\u0105 Skandynawi\u0119. Po kilkudziesi\u0119ciu kilometrach, dotarli\u015bmy do Malm\u00f6, kt\u00f3re ma populacj\u0119 niewiele mniejsz\u0105 od Poznania. Miasto ma portowy charakter i rzecz niespotykan\u0105 w Polsce \u2013 zupe\u0142nie puste dzielnice. Miejsce przez kt\u00f3re jechali\u015bmy by\u0142o zupe\u0142nie nowa dzielnica mieszkaniowo \u2013 biznesowa. Jednak, co ciekawe wygl\u0105da\u0142o na to, \u017ce wybudowano j\u0105 jakby z nadziej\u0105, \u017ce kto\u015b si\u0119 tam wprowadzi i uko\u0144czono zanim ktokolwiek to zrobi\u0142. Efekt by\u0142 taki, \u017ce w tygodniu w \u015brodku dnia nie by\u0142o tam prawie \u017cadnych ludzi. Wra\u017cenie totalnej pustki i opuszczenia tego miejsca pot\u0119gowa\u0142 fakt, \u017ce na ulicach nie by\u0142o \u017cadnych miejsc parkingowych i samochod\u00f3w. Je\u017celi ktokolwiek tam mieszka\u0142 to parkowa\u0142 pod ziemi\u0105 \u2013 rzecz zupe\u0142nie niespotykana w polskich zat\u0142oczonych miastach.<\/p>\n<p><img loading=\"lazy\" decoding=\"async\" class=\"alignnone size-full wp-image-712\" src=\"https:\/\/rowerowysztos.pl\/wp-content\/uploads\/2021\/07\/20210625_160137-scaled.jpg\" alt=\"Malmo, Inwestycja deweloperska, osiedle deweloperskie\" width=\"2560\" height=\"1440\" srcset=\"https:\/\/rowerowysztos.pl\/wp-content\/uploads\/2021\/07\/20210625_160137-scaled.jpg 2560w, https:\/\/rowerowysztos.pl\/wp-content\/uploads\/2021\/07\/20210625_160137-1280x720.jpg 1280w, https:\/\/rowerowysztos.pl\/wp-content\/uploads\/2021\/07\/20210625_160137-980x551.jpg 980w, https:\/\/rowerowysztos.pl\/wp-content\/uploads\/2021\/07\/20210625_160137-480x270.jpg 480w\" sizes=\"auto, (min-width: 0px) and (max-width: 480px) 480px, (min-width: 481px) and (max-width: 980px) 980px, (min-width: 981px) and (max-width: 1280px) 1280px, (min-width: 1281px) 2560px, 100vw\" \/><\/p>\n<p>Na szcz\u0119cie poza tym pustym miejscem w mie\u015bcie du\u017co ludzi \u015bwi\u0119towa\u0142o koniec roku szkolnego i sp\u0119dza\u0142o czas na nadmorskich bulwarach. Uda\u0142o mi si\u0119 tak\u017ce uchwyci\u0107 cz\u0119sty widok w Danii i Szwecji, czyli <a href=\"https:\/\/rowerowysztos.pl\/index.php\/2020\/11\/25\/typy-rodzaje-rowerow\/\">tr\u00f3jko\u0142owy rower Cargo<\/a> z dzieciakami wracaj\u0105cymi z przedszkola na pok\u0142adzie!<\/p>\n<p><img loading=\"lazy\" decoding=\"async\" class=\"alignnone wp-image-710 size-full\" src=\"https:\/\/rowerowysztos.pl\/wp-content\/uploads\/2021\/07\/20210625_150537-scaled.jpg\" alt=\"Malm\u00f6, rowerem na p\u00f3\u0142noc, Wyprawa rowerowa Niemcy-Dania-Szwecja na trajce!\" width=\"1440\" height=\"2560\" srcset=\"https:\/\/rowerowysztos.pl\/wp-content\/uploads\/2021\/07\/20210625_150537-scaled.jpg 1440w, https:\/\/rowerowysztos.pl\/wp-content\/uploads\/2021\/07\/20210625_150537-1280x2276.jpg 1280w, https:\/\/rowerowysztos.pl\/wp-content\/uploads\/2021\/07\/20210625_150537-980x1742.jpg 980w, https:\/\/rowerowysztos.pl\/wp-content\/uploads\/2021\/07\/20210625_150537-480x853.jpg 480w\" sizes=\"auto, (min-width: 0px) and (max-width: 480px) 480px, (min-width: 481px) and (max-width: 980px) 980px, (min-width: 981px) and (max-width: 1280px) 1280px, (min-width: 1281px) 1440px, 100vw\" \/><\/p>\n<p><img loading=\"lazy\" decoding=\"async\" class=\"alignnone size-full wp-image-711\" src=\"https:\/\/rowerowysztos.pl\/wp-content\/uploads\/2021\/07\/20210625_154458-scaled.jpg\" alt=\"Rower Cargo, rowery Cargo, tr\u00f3jko\u0142owy rower Cargo\" width=\"2560\" height=\"1440\" srcset=\"https:\/\/rowerowysztos.pl\/wp-content\/uploads\/2021\/07\/20210625_154458-scaled.jpg 2560w, https:\/\/rowerowysztos.pl\/wp-content\/uploads\/2021\/07\/20210625_154458-1280x720.jpg 1280w, https:\/\/rowerowysztos.pl\/wp-content\/uploads\/2021\/07\/20210625_154458-980x551.jpg 980w, https:\/\/rowerowysztos.pl\/wp-content\/uploads\/2021\/07\/20210625_154458-480x270.jpg 480w\" sizes=\"auto, (min-width: 0px) and (max-width: 480px) 480px, (min-width: 481px) and (max-width: 980px) 980px, (min-width: 981px) and (max-width: 1280px) 1280px, (min-width: 1281px) 2560px, 100vw\" \/><\/p>\n<p>Kolejn\u0105 atrakcj\u0105 by\u0142 most \u00d8resundsbron \u0142\u0105cz\u0105cy Dani\u0119 ze Szwecj\u0105 (Kopenhag\u0119 z Malm\u00f6). Konstrukcja, kt\u00f3ra kosztowa\u0142a ponad 20 miliard\u00f3w z\u0142otych ma prawie 16 km d\u0142ugo\u015bci i sk\u0142ada si\u0119 z mostu o d\u0142ugo\u015bci prawie 8 km, sztucznej wyspy i tunelu. Widok mostu towarzyszy\u0142 nam przez kilka dni obje\u017cd\u017cania cie\u015bniny Sund i by\u0142 naprawd\u0119 niesamowity! Niestety nie ma mo\u017cliwo\u015bci przejechania mostu rowerem (dost\u0119pny jest tylko dla aut i poci\u0105g\u00f3w).<\/p>\n<p><img loading=\"lazy\" decoding=\"async\" class=\"alignnone size-full wp-image-724\" src=\"https:\/\/rowerowysztos.pl\/wp-content\/uploads\/2021\/07\/P1020042-scaled.jpg\" alt=\"\u00d8resundsbron, Cie\u015bnina Sund, najwygodniejszy rower na \u015bwiecie\" width=\"2560\" height=\"1439\" srcset=\"https:\/\/rowerowysztos.pl\/wp-content\/uploads\/2021\/07\/P1020042-scaled.jpg 2560w, https:\/\/rowerowysztos.pl\/wp-content\/uploads\/2021\/07\/P1020042-1280x720.jpg 1280w, https:\/\/rowerowysztos.pl\/wp-content\/uploads\/2021\/07\/P1020042-980x551.jpg 980w, https:\/\/rowerowysztos.pl\/wp-content\/uploads\/2021\/07\/P1020042-480x270.jpg 480w\" sizes=\"auto, (min-width: 0px) and (max-width: 480px) 480px, (min-width: 481px) and (max-width: 980px) 980px, (min-width: 981px) and (max-width: 1280px) 1280px, (min-width: 1281px) 2560px, 100vw\" \/><\/p>\n<p>Zaraz za mostem zacz\u0105\u0142 si\u0119 kolejny p\u0142aski i dosy\u0107 nudny odcinek. Wraz ze zbli\u017caniem si\u0119 miejsca kolejnego noclegu i opadaj\u0105cym s\u0142o\u0144cem wzrasta\u0142a za to ilo\u015b\u0107 muszek, meszek i komar\u00f3w. Ostatnie par\u0119 kilometr\u00f3w wzd\u0142u\u017c bagnistego wybrze\u017ca by\u0142o prawdziw\u0105 mord\u0119g\u0105. Nigdy w \u017cyciu nie widzia\u0142em czego\u015b takiego. Muszek by\u0142o tyle, \u017ce co chwile zgarnia\u0142em kolejne setki tych ma\u0142ych robali ze swojej koszulki. Na szcz\u0119\u015bcie, chwil\u0119 po tym jak dotarli\u015bmy na kolejny biwak ich pora \u017cerowania si\u0119 sko\u0144czy\u0142a i nagle wszechobecne bzyczenie ucich\u0142o, jak r\u0119k\u0105 odj\u0105\u0142. Chatka by\u0142a po\u0142o\u017cona na nadmorskiej \u0142\u0105ce, gdzie wypasa\u0142y si\u0119 krowy, dlatego otoczono j\u0105 p\u0142otem i drutem kolczastym. Ze wzgl\u0119du na bardzo p\u0142ytko po\u0142o\u017cone dno i wszechobecne krowie placki miejsce do k\u0105pania by\u0142o s\u0142abe, ale widok na most wynagradza\u0142 te niedoskona\u0142o\u015bci ?<\/p>\n<p><img loading=\"lazy\" decoding=\"async\" class=\"alignnone size-full wp-image-725\" src=\"https:\/\/rowerowysztos.pl\/wp-content\/uploads\/2021\/07\/20210625_185733-scaled.jpg\" alt=\"recumbent tricycle, test d\u0142ugodystansowy roweru poziomego, biwak na dziko\" width=\"2560\" height=\"1440\" srcset=\"https:\/\/rowerowysztos.pl\/wp-content\/uploads\/2021\/07\/20210625_185733-scaled.jpg 2560w, https:\/\/rowerowysztos.pl\/wp-content\/uploads\/2021\/07\/20210625_185733-1280x720.jpg 1280w, https:\/\/rowerowysztos.pl\/wp-content\/uploads\/2021\/07\/20210625_185733-980x551.jpg 980w, https:\/\/rowerowysztos.pl\/wp-content\/uploads\/2021\/07\/20210625_185733-480x270.jpg 480w\" sizes=\"auto, (min-width: 0px) and (max-width: 480px) 480px, (min-width: 481px) and (max-width: 980px) 980px, (min-width: 981px) and (max-width: 1280px) 1280px, (min-width: 1281px) 2560px, 100vw\" \/><\/p>\n<p><img loading=\"lazy\" decoding=\"async\" class=\"alignnone size-full wp-image-726\" src=\"https:\/\/rowerowysztos.pl\/wp-content\/uploads\/2021\/07\/P1020056-scaled.jpg\" alt=\"Wyprawa rowerowa Niemcy-Dania-Szwecja na trajce!\" width=\"2560\" height=\"1439\" srcset=\"https:\/\/rowerowysztos.pl\/wp-content\/uploads\/2021\/07\/P1020056-scaled.jpg 2560w, https:\/\/rowerowysztos.pl\/wp-content\/uploads\/2021\/07\/P1020056-1280x720.jpg 1280w, https:\/\/rowerowysztos.pl\/wp-content\/uploads\/2021\/07\/P1020056-980x551.jpg 980w, https:\/\/rowerowysztos.pl\/wp-content\/uploads\/2021\/07\/P1020056-480x270.jpg 480w\" sizes=\"auto, (min-width: 0px) and (max-width: 480px) 480px, (min-width: 481px) and (max-width: 980px) 980px, (min-width: 981px) and (max-width: 1280px) 1280px, (min-width: 1281px) 2560px, 100vw\" \/><\/p>\n<p>Ostatni dzie\u0144 jazdy up\u0142yn\u0105\u0142 nam na dojechaniu do Ystad, zjedzeniu pizzy i zwiedzeniu \u015bredniowiecznego centrum miasteczka, w kt\u00f3rym o dziwo by\u0142o pe\u0142no ludzi. Po drodze min\u0119li\u015bmy te\u017c gigantyczne barszcze Sosnowskiego, na szcz\u0119\u015bcie by\u0142y tylko w jednym miejscu i nie zostali\u015bmy poparzeni.<\/p>\n<p>W porcie jachtowym, gdzie czekali\u015bmy, poza \u0142adnymi widoczkami je\u017adzi\u0142 te\u017c stary ameryka\u0144ski samoch\u00f3d z rogami na masce, kt\u00f3ry mucz\u0105c udawa\u0142 krow\u0119\u2026 Ot taka atrakcja \ud83d\ude1b<\/p>\n<p><img loading=\"lazy\" decoding=\"async\" class=\"alignnone size-full wp-image-727\" src=\"https:\/\/rowerowysztos.pl\/wp-content\/uploads\/2021\/07\/20210626_131704-scaled.jpg\" alt=\"Morze, rower, ko\u0144, po szwecji na rowerze\" width=\"2560\" height=\"1440\" srcset=\"https:\/\/rowerowysztos.pl\/wp-content\/uploads\/2021\/07\/20210626_131704-scaled.jpg 2560w, https:\/\/rowerowysztos.pl\/wp-content\/uploads\/2021\/07\/20210626_131704-1280x720.jpg 1280w, https:\/\/rowerowysztos.pl\/wp-content\/uploads\/2021\/07\/20210626_131704-980x551.jpg 980w, https:\/\/rowerowysztos.pl\/wp-content\/uploads\/2021\/07\/20210626_131704-480x270.jpg 480w\" sizes=\"auto, (min-width: 0px) and (max-width: 480px) 480px, (min-width: 481px) and (max-width: 980px) 980px, (min-width: 981px) and (max-width: 1280px) 1280px, (min-width: 1281px) 2560px, 100vw\" \/><\/p>\n<p><img loading=\"lazy\" decoding=\"async\" class=\"alignnone size-full wp-image-713\" src=\"https:\/\/rowerowysztos.pl\/wp-content\/uploads\/2021\/07\/20210626_175108-scaled.jpg\" alt=\"\u015awinouj\u015bcie - Ystad, prom ba\u0142tyk, wyprawa\" width=\"2560\" height=\"1440\" srcset=\"https:\/\/rowerowysztos.pl\/wp-content\/uploads\/2021\/07\/20210626_175108-scaled.jpg 2560w, https:\/\/rowerowysztos.pl\/wp-content\/uploads\/2021\/07\/20210626_175108-1280x720.jpg 1280w, https:\/\/rowerowysztos.pl\/wp-content\/uploads\/2021\/07\/20210626_175108-980x551.jpg 980w, https:\/\/rowerowysztos.pl\/wp-content\/uploads\/2021\/07\/20210626_175108-480x270.jpg 480w\" sizes=\"auto, (min-width: 0px) and (max-width: 480px) 480px, (min-width: 481px) and (max-width: 980px) 980px, (min-width: 981px) and (max-width: 1280px) 1280px, (min-width: 1281px) 2560px, 100vw\" \/><\/p>\n<p>Wieczorem wsiedli\u015bmy na prom pe\u0142en Polak\u00f3w i zako\u0144czyli\u015bmy nasz\u0105 przygod\u0119 ?<\/p>\n<ol start=\"5\">\n<li><strong>Noclegi \u2013 ekwipunek &#8211; jedzenie<\/strong><\/li>\n<\/ol>\n<p>Gdyby\u015bcie chcieli kiedy\u015b przejecha\u0107 tak\u0105 tras\u0119, albo zastanawiacie si\u0119 co zabra\u0107 na podobn\u0105 wypraw\u0119, to za jaki\u015b czas pojawi si\u0119 wpis na blogu z listami rzeczy do zabrania, zale\u017cnie od typu podr\u00f3\u017cy. W przypadku tej trasy noclegi mieli\u015bmy albo we wspomnianych chatkach albo na kempingach. W Niemczech takich chatek nie znale\u017ali\u015bmy, zabronione jest tak\u017ce spanie na dziko. W Danii spanie na dziko w namiocie jest r\u00f3wnie\u017c nielegalne, ale sie\u0107 drewnianych chatek jest naprawd\u0119 bardzo rozbudowana.\u00a0 W Szwecji spa\u0107 mo\u017cna wsz\u0119dzie zachowuj\u0105c jedynie dystans kilkuset metr\u00f3w od najbli\u017cszych domostw. Kempingi kosztowa\u0142y nas od oko\u0142o 12 do 20 euro na osob\u0119 z prysznicem. Ceny s\u0105 generalnie wy\u017csze ni\u017c w Polsce..<\/p>\n<p><img loading=\"lazy\" decoding=\"async\" class=\"alignnone wp-image-707 size-full\" src=\"https:\/\/rowerowysztos.pl\/wp-content\/uploads\/2021\/07\/20210624_192736-scaled.jpg\" alt=\"Kuchenka Primus, Mena\u017cki turystyczny, Wakacje Ba\u0142tyk, Ortlieb Panniers\" width=\"1440\" height=\"2560\" srcset=\"https:\/\/rowerowysztos.pl\/wp-content\/uploads\/2021\/07\/20210624_192736-scaled.jpg 1440w, https:\/\/rowerowysztos.pl\/wp-content\/uploads\/2021\/07\/20210624_192736-1280x2276.jpg 1280w, https:\/\/rowerowysztos.pl\/wp-content\/uploads\/2021\/07\/20210624_192736-980x1742.jpg 980w, https:\/\/rowerowysztos.pl\/wp-content\/uploads\/2021\/07\/20210624_192736-480x853.jpg 480w\" sizes=\"auto, (min-width: 0px) and (max-width: 480px) 480px, (min-width: 481px) and (max-width: 980px) 980px, (min-width: 981px) and (max-width: 1280px) 1280px, (min-width: 1281px) 1440px, 100vw\" \/><\/p>\n<p>Je\u017celi chodzi o jedzenie to wie\u017ali\u015bmy ze sob\u0105 sporo s\u0142oik\u00f3w, liofilizat\u00f3w, itp. Z jednej strony mocno obni\u017ca to koszty, ale jednocze\u015bnie drastycznie zwi\u0119ksza wag\u0119 roweru i szczerze m\u00f3wi\u0105c by\u0142 to chyba ostatni m\u00f3j wyjazd gdzie zabra\u0142em tyle jedzenia\u2026 Do podgrzewania posi\u0142k\u00f3w u\u017cywa\u0142em sprawdzonego palnika firmy Primus z bardzo wygodnym zapalnikiem, mena\u017cki, czajniczka i sk\u0142adanego kubka. Elektronik\u0119 \u0142adowa\u0142em z Powerbanka o pojemno\u015bci 20\u00a0000 MAh, kt\u00f3ry wystarczy\u0142 mi praktycznie na ca\u0142e 8 dni wyjazdu.<\/p>\n<p>Pozioma trajka, na kt\u00f3rej jecha\u0142em <a href=\"https:\/\/www.hpvelotechnik.com\/en\/recumbent-trikes-bikes\/scorpion-adults-recumbent-trikes\/scorpion-fx-medium-high-foldable-travel-trike\/\">(HP Velotechnik Scorpion FX)<\/a> sprawdzi\u0142a si\u0119 bardzo dobrze. Rower jest po prostu fenomenalnie wygodny! Daje mn\u00f3stwo frajdy z jazdy i naprawd\u0119 pozwala odkry\u0107 jazd\u0119 rowerem na nowo. Owszem jest ci\u0119\u017cszy i w przypadku tego turystycznego modelu wolniejszy od zwyk\u0142ego trekkinga, ale w tego typu turystycznej je\u017adzie nie pr\u0119dko\u015b\u0107, a wygoda i rado\u015b\u0107 z jazdy jest moim zdaniem wa\u017cniejsza. Co ciekawe wieloletni u\u017cytkownicy poziomek twierdz\u0105, \u017ce nogi z czasem przyzwyczajaj\u0105 si\u0119 do pracy w innej p\u0142aszczy\u017anie i efektywno\u015b\u0107 jazdy trajk\u0105 ro\u015bnie. <a href=\"https:\/\/rowerowysztos.pl\/index.php\/2021\/07\/06\/trojkolowy-rower-poziomy-test\/\">Szczeg\u00f3\u0142owy test tego niesamowitego roweru przeczytacie zreszt\u0105 tutaj.<\/a><\/p>\n<ol start=\"6\">\n<li><strong>Podsumowanie<\/strong><\/li>\n<\/ol>\n<p>Podsumowuj\u0105c zdecydowanie polecam wybra\u0107 si\u0119 na t\u0119 tras\u0119 rowerem, a je\u017celi macie mniej czasu i chcecie skupi\u0107 si\u0119 na najciekawszych fragmentach to warto zacz\u0105\u0107 od razu od Kopenhagi i objecha\u0107 cie\u015bnin\u0119 Sund, gdy\u017c jest to na pewno najciekawszy fragment tej trasy ?<\/p>\n<p><img loading=\"lazy\" decoding=\"async\" class=\"alignnone size-full wp-image-714\" src=\"https:\/\/rowerowysztos.pl\/wp-content\/uploads\/2021\/07\/20210626_195312-scaled.jpg\" alt=\"Wyprawa rowerowa, bloger, blog o rowerach, Wyprawa rowerowa Niemcy-Dania-Szwecja na trajce!\" width=\"2560\" height=\"1440\" srcset=\"https:\/\/rowerowysztos.pl\/wp-content\/uploads\/2021\/07\/20210626_195312-scaled.jpg 2560w, https:\/\/rowerowysztos.pl\/wp-content\/uploads\/2021\/07\/20210626_195312-1280x720.jpg 1280w, https:\/\/rowerowysztos.pl\/wp-content\/uploads\/2021\/07\/20210626_195312-980x551.jpg 980w, https:\/\/rowerowysztos.pl\/wp-content\/uploads\/2021\/07\/20210626_195312-480x270.jpg 480w\" sizes=\"auto, (min-width: 0px) and (max-width: 480px) 480px, (min-width: 481px) and (max-width: 980px) 980px, (min-width: 981px) and (max-width: 1280px) 1280px, (min-width: 1281px) 2560px, 100vw\" \/><\/p>\n<p>P.S. Dajcie zna\u0107 w komentarzach (tu lub na facebooku), czy wolicie czyta\u0107 relacje z takich wypraw na blogu, czy ciekawszy by\u0142by film na You Tubie ?<\/p>\n<p>&nbsp;<\/p>\n<div class=\"fb-background-color\">\n\t\t\t  <div \n\t\t\t  \tclass = \"fb-comments\" \n\t\t\t  \tdata-href = \"https:\/\/rowerowysztos.pl\/index.php\/2021\/07\/19\/wyprawa-rowerowa-na-trajce\/\"\n\t\t\t  \tdata-numposts = \"10\"\n\t\t\t  \tdata-lazy = \"true\"\n\t\t\t\tdata-colorscheme = \"light\"\n\t\t\t\tdata-order-by = \"social\"\n\t\t\t\tdata-mobile=true>\n\t\t\t  <\/div><\/div>\n\t\t  <style>\n\t\t    .fb-background-color {\n\t\t\t\tbackground: #ffffff !important;\n\t\t\t}\n\t\t\t.fb_iframe_widget_fluid_desktop iframe {\n\t\t\t    width: 100% !important;\n\t\t\t}\n\t\t  <\/style>\n\t\t  ","protected":false},"excerpt":{"rendered":"<p>Jak raz zacz\u0119\u0142o si\u0119 obje\u017cd\u017ca\u0107 Ba\u0142tyk to dobrze by\u0142oby sko\u0144czy\u0107 ? Dlatego, w tym roku postanowili\u015bmy przejecha\u0107 kolejny fragment trasy Eurovelo R10. Przy okazji wyjazdu przetestowa\u0142em te\u017c mega wygodny rower poziomy \u2013 HP Velotechnik Scorpion FX, kt\u00f3rego test znajdziecie tutaj. To co? Ruszamy! \u015awinouj\u015bcie \u2013 Rostock Wypraw\u0119 zacz\u0119li\u015bmy w centrum \u015awinouj\u015bcia. Na parkingu, gdzie zostawiali\u015bmy [&hellip;]<\/p>\n","protected":false},"author":1,"featured_media":718,"comment_status":"open","ping_status":"open","sticky":false,"template":"","format":"standard","meta":{"_et_pb_use_builder":"","_et_pb_old_content":"","_et_gb_content_width":"","footnotes":""},"categories":[5,6],"tags":[34,33],"class_list":["post-691","post","type-post","status-publish","format-standard","has-post-thumbnail","hentry","category-podroze","category-strona-glowna","tag-baltyk-na-rowerze","tag-wyprawa-rowerowa-z-sakwami"],"yoast_head":"<!-- This site is optimized with the Yoast SEO plugin v27.5 - https:\/\/yoast.com\/product\/yoast-seo-wordpress\/ -->\n<title>Wyprawa rowerowa Niemcy-Dania-Szwecja na trajce! - RowerowySztos.pl<\/title>\n<meta name=\"description\" content=\"Wyprawa rowerowa Niemcy-Dania-Szwecja na trajce! Czy warto pojecha\u0107 nad Ba\u0142tyk rowerem? Czy trajka to dobry rower na wypraw\u0119?\" \/>\n<meta name=\"robots\" content=\"index, follow, max-snippet:-1, max-image-preview:large, max-video-preview:-1\" \/>\n<link rel=\"canonical\" href=\"https:\/\/rowerowysztos.pl\/index.php\/2021\/07\/19\/wyprawa-rowerowa-na-trajce\/\" \/>\n<meta property=\"og:locale\" content=\"pl_PL\" \/>\n<meta property=\"og:type\" content=\"article\" \/>\n<meta property=\"og:title\" content=\"Wyprawa rowerowa Niemcy-Dania-Szwecja na trajce! - RowerowySztos.pl\" \/>\n<meta property=\"og:description\" content=\"Wyprawa rowerowa Niemcy-Dania-Szwecja na trajce! Czy warto pojecha\u0107 nad Ba\u0142tyk rowerem? Czy trajka to dobry rower na wypraw\u0119?\" \/>\n<meta property=\"og:url\" content=\"https:\/\/rowerowysztos.pl\/index.php\/2021\/07\/19\/wyprawa-rowerowa-na-trajce\/\" \/>\n<meta property=\"og:site_name\" content=\"RowerowySztos.pl\" \/>\n<meta property=\"article:published_time\" content=\"2021-07-19T21:27:48+00:00\" \/>\n<meta property=\"article:modified_time\" content=\"2021-07-20T20:04:38+00:00\" \/>\n<meta property=\"og:image\" content=\"https:\/\/rowerowysztos.pl\/wp-content\/uploads\/2021\/07\/20210622_190729-scaled.jpg\" \/>\n\t<meta property=\"og:image:width\" content=\"2560\" \/>\n\t<meta property=\"og:image:height\" content=\"1440\" \/>\n\t<meta property=\"og:image:type\" content=\"image\/jpeg\" \/>\n<meta name=\"author\" content=\"rowerowy sztos\" \/>\n<meta name=\"twitter:card\" content=\"summary_large_image\" \/>\n<meta name=\"twitter:label1\" content=\"Napisane przez\" \/>\n\t<meta name=\"twitter:data1\" content=\"rowerowy sztos\" \/>\n\t<meta name=\"twitter:label2\" content=\"Szacowany czas czytania\" \/>\n\t<meta name=\"twitter:data2\" content=\"17 minut\" \/>\n<script type=\"application\/ld+json\" class=\"yoast-schema-graph\">{\"@context\":\"https:\\\/\\\/schema.org\",\"@graph\":[{\"@type\":\"Article\",\"@id\":\"https:\\\/\\\/rowerowysztos.pl\\\/index.php\\\/2021\\\/07\\\/19\\\/wyprawa-rowerowa-na-trajce\\\/#article\",\"isPartOf\":{\"@id\":\"https:\\\/\\\/rowerowysztos.pl\\\/index.php\\\/2021\\\/07\\\/19\\\/wyprawa-rowerowa-na-trajce\\\/\"},\"author\":{\"name\":\"rowerowy sztos\",\"@id\":\"https:\\\/\\\/rowerowysztos.pl\\\/#\\\/schema\\\/person\\\/1df3750de5e2062fe12b280c9973953b\"},\"headline\":\"Wyprawa rowerowa Niemcy-Dania-Szwecja na trajce!\",\"datePublished\":\"2021-07-19T21:27:48+00:00\",\"dateModified\":\"2021-07-20T20:04:38+00:00\",\"mainEntityOfPage\":{\"@id\":\"https:\\\/\\\/rowerowysztos.pl\\\/index.php\\\/2021\\\/07\\\/19\\\/wyprawa-rowerowa-na-trajce\\\/\"},\"wordCount\":2849,\"commentCount\":0,\"image\":{\"@id\":\"https:\\\/\\\/rowerowysztos.pl\\\/index.php\\\/2021\\\/07\\\/19\\\/wyprawa-rowerowa-na-trajce\\\/#primaryimage\"},\"thumbnailUrl\":\"https:\\\/\\\/rowerowysztos.pl\\\/wp-content\\\/uploads\\\/2021\\\/07\\\/20210622_190729-scaled.jpg\",\"keywords\":[\"Baltyk na rowerze\",\"Wyprawa rowerowa z sakwami\"],\"articleSection\":[\"PODR\u00d3\u017bE\",\"Strona g\u0142\u00f3wna\"],\"inLanguage\":\"pl-PL\"},{\"@type\":\"WebPage\",\"@id\":\"https:\\\/\\\/rowerowysztos.pl\\\/index.php\\\/2021\\\/07\\\/19\\\/wyprawa-rowerowa-na-trajce\\\/\",\"url\":\"https:\\\/\\\/rowerowysztos.pl\\\/index.php\\\/2021\\\/07\\\/19\\\/wyprawa-rowerowa-na-trajce\\\/\",\"name\":\"Wyprawa rowerowa Niemcy-Dania-Szwecja na trajce! - RowerowySztos.pl\",\"isPartOf\":{\"@id\":\"https:\\\/\\\/rowerowysztos.pl\\\/#website\"},\"primaryImageOfPage\":{\"@id\":\"https:\\\/\\\/rowerowysztos.pl\\\/index.php\\\/2021\\\/07\\\/19\\\/wyprawa-rowerowa-na-trajce\\\/#primaryimage\"},\"image\":{\"@id\":\"https:\\\/\\\/rowerowysztos.pl\\\/index.php\\\/2021\\\/07\\\/19\\\/wyprawa-rowerowa-na-trajce\\\/#primaryimage\"},\"thumbnailUrl\":\"https:\\\/\\\/rowerowysztos.pl\\\/wp-content\\\/uploads\\\/2021\\\/07\\\/20210622_190729-scaled.jpg\",\"datePublished\":\"2021-07-19T21:27:48+00:00\",\"dateModified\":\"2021-07-20T20:04:38+00:00\",\"author\":{\"@id\":\"https:\\\/\\\/rowerowysztos.pl\\\/#\\\/schema\\\/person\\\/1df3750de5e2062fe12b280c9973953b\"},\"description\":\"Wyprawa rowerowa Niemcy-Dania-Szwecja na trajce! Czy warto pojecha\u0107 nad Ba\u0142tyk rowerem? Czy trajka to dobry rower na wypraw\u0119?\",\"breadcrumb\":{\"@id\":\"https:\\\/\\\/rowerowysztos.pl\\\/index.php\\\/2021\\\/07\\\/19\\\/wyprawa-rowerowa-na-trajce\\\/#breadcrumb\"},\"inLanguage\":\"pl-PL\",\"potentialAction\":[{\"@type\":\"ReadAction\",\"target\":[\"https:\\\/\\\/rowerowysztos.pl\\\/index.php\\\/2021\\\/07\\\/19\\\/wyprawa-rowerowa-na-trajce\\\/\"]}]},{\"@type\":\"ImageObject\",\"inLanguage\":\"pl-PL\",\"@id\":\"https:\\\/\\\/rowerowysztos.pl\\\/index.php\\\/2021\\\/07\\\/19\\\/wyprawa-rowerowa-na-trajce\\\/#primaryimage\",\"url\":\"https:\\\/\\\/rowerowysztos.pl\\\/wp-content\\\/uploads\\\/2021\\\/07\\\/20210622_190729-scaled.jpg\",\"contentUrl\":\"https:\\\/\\\/rowerowysztos.pl\\\/wp-content\\\/uploads\\\/2021\\\/07\\\/20210622_190729-scaled.jpg\",\"width\":2560,\"height\":1440,\"caption\":\"Wyprawa rowerowa Niemcy-Dania-Szwecja na trajce!\"},{\"@type\":\"BreadcrumbList\",\"@id\":\"https:\\\/\\\/rowerowysztos.pl\\\/index.php\\\/2021\\\/07\\\/19\\\/wyprawa-rowerowa-na-trajce\\\/#breadcrumb\",\"itemListElement\":[{\"@type\":\"ListItem\",\"position\":1,\"name\":\"Strona g\u0142\u00f3wna\",\"item\":\"https:\\\/\\\/rowerowysztos.pl\\\/\"},{\"@type\":\"ListItem\",\"position\":2,\"name\":\"Wyprawa rowerowa Niemcy-Dania-Szwecja na trajce!\"}]},{\"@type\":\"WebSite\",\"@id\":\"https:\\\/\\\/rowerowysztos.pl\\\/#website\",\"url\":\"https:\\\/\\\/rowerowysztos.pl\\\/\",\"name\":\"RowerowySztos.pl\",\"description\":\"Je\u015bli chcesz odkry\u0107 rower na nowo, je\u017adzi\u0107 szybciej wygodniej i mie\u0107 z tego wi\u0119cej frajdy to ten blog jest dla Ciebie!\",\"potentialAction\":[{\"@type\":\"SearchAction\",\"target\":{\"@type\":\"EntryPoint\",\"urlTemplate\":\"https:\\\/\\\/rowerowysztos.pl\\\/?s={search_term_string}\"},\"query-input\":{\"@type\":\"PropertyValueSpecification\",\"valueRequired\":true,\"valueName\":\"search_term_string\"}}],\"inLanguage\":\"pl-PL\"},{\"@type\":\"Person\",\"@id\":\"https:\\\/\\\/rowerowysztos.pl\\\/#\\\/schema\\\/person\\\/1df3750de5e2062fe12b280c9973953b\",\"name\":\"rowerowy sztos\",\"image\":{\"@type\":\"ImageObject\",\"inLanguage\":\"pl-PL\",\"@id\":\"https:\\\/\\\/secure.gravatar.com\\\/avatar\\\/b7add67864c6970e147c5744ee44cd02b8192ae1a5a1821a922ecc7139b7080b?s=96&d=mm&r=g\",\"url\":\"https:\\\/\\\/secure.gravatar.com\\\/avatar\\\/b7add67864c6970e147c5744ee44cd02b8192ae1a5a1821a922ecc7139b7080b?s=96&d=mm&r=g\",\"contentUrl\":\"https:\\\/\\\/secure.gravatar.com\\\/avatar\\\/b7add67864c6970e147c5744ee44cd02b8192ae1a5a1821a922ecc7139b7080b?s=96&d=mm&r=g\",\"caption\":\"rowerowy sztos\"},\"sameAs\":[\"http:\\\/\\\/rowerowysztos.pl\"],\"url\":\"https:\\\/\\\/rowerowysztos.pl\\\/index.php\\\/author\\\/rower\\\/\"}]}<\/script>\n<!-- \/ Yoast SEO plugin. -->","yoast_head_json":{"title":"Wyprawa rowerowa Niemcy-Dania-Szwecja na trajce! - RowerowySztos.pl","description":"Wyprawa rowerowa Niemcy-Dania-Szwecja na trajce! Czy warto pojecha\u0107 nad Ba\u0142tyk rowerem? Czy trajka to dobry rower na wypraw\u0119?","robots":{"index":"index","follow":"follow","max-snippet":"max-snippet:-1","max-image-preview":"max-image-preview:large","max-video-preview":"max-video-preview:-1"},"canonical":"https:\/\/rowerowysztos.pl\/index.php\/2021\/07\/19\/wyprawa-rowerowa-na-trajce\/","og_locale":"pl_PL","og_type":"article","og_title":"Wyprawa rowerowa Niemcy-Dania-Szwecja na trajce! - RowerowySztos.pl","og_description":"Wyprawa rowerowa Niemcy-Dania-Szwecja na trajce! Czy warto pojecha\u0107 nad Ba\u0142tyk rowerem? Czy trajka to dobry rower na wypraw\u0119?","og_url":"https:\/\/rowerowysztos.pl\/index.php\/2021\/07\/19\/wyprawa-rowerowa-na-trajce\/","og_site_name":"RowerowySztos.pl","article_published_time":"2021-07-19T21:27:48+00:00","article_modified_time":"2021-07-20T20:04:38+00:00","og_image":[{"width":2560,"height":1440,"url":"https:\/\/rowerowysztos.pl\/wp-content\/uploads\/2021\/07\/20210622_190729-scaled.jpg","type":"image\/jpeg"}],"author":"rowerowy sztos","twitter_card":"summary_large_image","twitter_misc":{"Napisane przez":"rowerowy sztos","Szacowany czas czytania":"17 minut"},"schema":{"@context":"https:\/\/schema.org","@graph":[{"@type":"Article","@id":"https:\/\/rowerowysztos.pl\/index.php\/2021\/07\/19\/wyprawa-rowerowa-na-trajce\/#article","isPartOf":{"@id":"https:\/\/rowerowysztos.pl\/index.php\/2021\/07\/19\/wyprawa-rowerowa-na-trajce\/"},"author":{"name":"rowerowy sztos","@id":"https:\/\/rowerowysztos.pl\/#\/schema\/person\/1df3750de5e2062fe12b280c9973953b"},"headline":"Wyprawa rowerowa Niemcy-Dania-Szwecja na trajce!","datePublished":"2021-07-19T21:27:48+00:00","dateModified":"2021-07-20T20:04:38+00:00","mainEntityOfPage":{"@id":"https:\/\/rowerowysztos.pl\/index.php\/2021\/07\/19\/wyprawa-rowerowa-na-trajce\/"},"wordCount":2849,"commentCount":0,"image":{"@id":"https:\/\/rowerowysztos.pl\/index.php\/2021\/07\/19\/wyprawa-rowerowa-na-trajce\/#primaryimage"},"thumbnailUrl":"https:\/\/rowerowysztos.pl\/wp-content\/uploads\/2021\/07\/20210622_190729-scaled.jpg","keywords":["Baltyk na rowerze","Wyprawa rowerowa z sakwami"],"articleSection":["PODR\u00d3\u017bE","Strona g\u0142\u00f3wna"],"inLanguage":"pl-PL"},{"@type":"WebPage","@id":"https:\/\/rowerowysztos.pl\/index.php\/2021\/07\/19\/wyprawa-rowerowa-na-trajce\/","url":"https:\/\/rowerowysztos.pl\/index.php\/2021\/07\/19\/wyprawa-rowerowa-na-trajce\/","name":"Wyprawa rowerowa Niemcy-Dania-Szwecja na trajce! - RowerowySztos.pl","isPartOf":{"@id":"https:\/\/rowerowysztos.pl\/#website"},"primaryImageOfPage":{"@id":"https:\/\/rowerowysztos.pl\/index.php\/2021\/07\/19\/wyprawa-rowerowa-na-trajce\/#primaryimage"},"image":{"@id":"https:\/\/rowerowysztos.pl\/index.php\/2021\/07\/19\/wyprawa-rowerowa-na-trajce\/#primaryimage"},"thumbnailUrl":"https:\/\/rowerowysztos.pl\/wp-content\/uploads\/2021\/07\/20210622_190729-scaled.jpg","datePublished":"2021-07-19T21:27:48+00:00","dateModified":"2021-07-20T20:04:38+00:00","author":{"@id":"https:\/\/rowerowysztos.pl\/#\/schema\/person\/1df3750de5e2062fe12b280c9973953b"},"description":"Wyprawa rowerowa Niemcy-Dania-Szwecja na trajce! Czy warto pojecha\u0107 nad Ba\u0142tyk rowerem? Czy trajka to dobry rower na wypraw\u0119?","breadcrumb":{"@id":"https:\/\/rowerowysztos.pl\/index.php\/2021\/07\/19\/wyprawa-rowerowa-na-trajce\/#breadcrumb"},"inLanguage":"pl-PL","potentialAction":[{"@type":"ReadAction","target":["https:\/\/rowerowysztos.pl\/index.php\/2021\/07\/19\/wyprawa-rowerowa-na-trajce\/"]}]},{"@type":"ImageObject","inLanguage":"pl-PL","@id":"https:\/\/rowerowysztos.pl\/index.php\/2021\/07\/19\/wyprawa-rowerowa-na-trajce\/#primaryimage","url":"https:\/\/rowerowysztos.pl\/wp-content\/uploads\/2021\/07\/20210622_190729-scaled.jpg","contentUrl":"https:\/\/rowerowysztos.pl\/wp-content\/uploads\/2021\/07\/20210622_190729-scaled.jpg","width":2560,"height":1440,"caption":"Wyprawa rowerowa Niemcy-Dania-Szwecja na trajce!"},{"@type":"BreadcrumbList","@id":"https:\/\/rowerowysztos.pl\/index.php\/2021\/07\/19\/wyprawa-rowerowa-na-trajce\/#breadcrumb","itemListElement":[{"@type":"ListItem","position":1,"name":"Strona g\u0142\u00f3wna","item":"https:\/\/rowerowysztos.pl\/"},{"@type":"ListItem","position":2,"name":"Wyprawa rowerowa Niemcy-Dania-Szwecja na trajce!"}]},{"@type":"WebSite","@id":"https:\/\/rowerowysztos.pl\/#website","url":"https:\/\/rowerowysztos.pl\/","name":"RowerowySztos.pl","description":"Je\u015bli chcesz odkry\u0107 rower na nowo, je\u017adzi\u0107 szybciej wygodniej i mie\u0107 z tego wi\u0119cej frajdy to ten blog jest dla Ciebie!","potentialAction":[{"@type":"SearchAction","target":{"@type":"EntryPoint","urlTemplate":"https:\/\/rowerowysztos.pl\/?s={search_term_string}"},"query-input":{"@type":"PropertyValueSpecification","valueRequired":true,"valueName":"search_term_string"}}],"inLanguage":"pl-PL"},{"@type":"Person","@id":"https:\/\/rowerowysztos.pl\/#\/schema\/person\/1df3750de5e2062fe12b280c9973953b","name":"rowerowy sztos","image":{"@type":"ImageObject","inLanguage":"pl-PL","@id":"https:\/\/secure.gravatar.com\/avatar\/b7add67864c6970e147c5744ee44cd02b8192ae1a5a1821a922ecc7139b7080b?s=96&d=mm&r=g","url":"https:\/\/secure.gravatar.com\/avatar\/b7add67864c6970e147c5744ee44cd02b8192ae1a5a1821a922ecc7139b7080b?s=96&d=mm&r=g","contentUrl":"https:\/\/secure.gravatar.com\/avatar\/b7add67864c6970e147c5744ee44cd02b8192ae1a5a1821a922ecc7139b7080b?s=96&d=mm&r=g","caption":"rowerowy sztos"},"sameAs":["http:\/\/rowerowysztos.pl"],"url":"https:\/\/rowerowysztos.pl\/index.php\/author\/rower\/"}]}},"_links":{"self":[{"href":"https:\/\/rowerowysztos.pl\/index.php\/wp-json\/wp\/v2\/posts\/691","targetHints":{"allow":["GET"]}}],"collection":[{"href":"https:\/\/rowerowysztos.pl\/index.php\/wp-json\/wp\/v2\/posts"}],"about":[{"href":"https:\/\/rowerowysztos.pl\/index.php\/wp-json\/wp\/v2\/types\/post"}],"author":[{"embeddable":true,"href":"https:\/\/rowerowysztos.pl\/index.php\/wp-json\/wp\/v2\/users\/1"}],"replies":[{"embeddable":true,"href":"https:\/\/rowerowysztos.pl\/index.php\/wp-json\/wp\/v2\/comments?post=691"}],"version-history":[{"count":3,"href":"https:\/\/rowerowysztos.pl\/index.php\/wp-json\/wp\/v2\/posts\/691\/revisions"}],"predecessor-version":[{"id":730,"href":"https:\/\/rowerowysztos.pl\/index.php\/wp-json\/wp\/v2\/posts\/691\/revisions\/730"}],"wp:featuredmedia":[{"embeddable":true,"href":"https:\/\/rowerowysztos.pl\/index.php\/wp-json\/wp\/v2\/media\/718"}],"wp:attachment":[{"href":"https:\/\/rowerowysztos.pl\/index.php\/wp-json\/wp\/v2\/media?parent=691"}],"wp:term":[{"taxonomy":"category","embeddable":true,"href":"https:\/\/rowerowysztos.pl\/index.php\/wp-json\/wp\/v2\/categories?post=691"},{"taxonomy":"post_tag","embeddable":true,"href":"https:\/\/rowerowysztos.pl\/index.php\/wp-json\/wp\/v2\/tags?post=691"}],"curies":[{"name":"wp","href":"https:\/\/api.w.org\/{rel}","templated":true}]}}