{"id":404,"date":"2021-01-30T16:23:48","date_gmt":"2021-01-30T15:23:48","guid":{"rendered":"https:\/\/rowerowysztos.pl\/?p=404"},"modified":"2021-02-01T22:42:45","modified_gmt":"2021-02-01T21:42:45","slug":"wyprawa-rowerowa-wokol-baltyku-trasa-r10","status":"publish","type":"post","link":"https:\/\/rowerowysztos.pl\/index.php\/2021\/01\/30\/wyprawa-rowerowa-wokol-baltyku-trasa-r10\/","title":{"rendered":"Wyprawa rowerowa wok\u00f3\u0142 Ba\u0142tyku"},"content":{"rendered":"<p>Jest wiele miejsc, kt\u00f3re warto zobaczy\u0107 na rowerze. Nie tylko dlatego, \u017ce widzimy znacznie wi\u0119cej i mamy wra\u017cenie, \u017ce rzeczywi\u015bcie gdzie\u015b byli\u015bmy zamiast dotrze\u0107 tylko z punktu A do B jak paczka kurierska, ale te\u017c dlatego \u017ce jest to aktywny i tani spos\u00f3b podr\u00f3\u017cowania. Od czego zacz\u0105\u0107? Wyprawa rowerowa wok\u00f3\u0142 Ba\u0142tyku mo\u017ce by\u0107 jednym z lepszych pomys\u0142\u00f3w na pierwsz\u0105 wypraw\u0119. Dlaczego? Wszystkiego dowiecie si\u0119 poni\u017cej ?<\/p>\n<p><strong>Samolotem z rowerem<\/strong><\/p>\n<p><img loading=\"lazy\" decoding=\"async\" class=\"alignnone wp-image-412 size-full\" src=\"https:\/\/rowerowysztos.pl\/wp-content\/uploads\/2021\/01\/Nowy-obraz-33.bmp\" alt=\"Nadmorski szlak rowerowy R10 mapa, Wyprawa rowerowa wok\u00f3\u0142 Ba\u0142tyku\" width=\"1606\" height=\"787\" srcset=\"https:\/\/rowerowysztos.pl\/wp-content\/uploads\/2021\/01\/Nowy-obraz-33.bmp 1606w, https:\/\/rowerowysztos.pl\/wp-content\/uploads\/2021\/01\/Nowy-obraz-33-300x147.jpg 300w, https:\/\/rowerowysztos.pl\/wp-content\/uploads\/2021\/01\/Nowy-obraz-33-1024x502.jpg 1024w, https:\/\/rowerowysztos.pl\/wp-content\/uploads\/2021\/01\/Nowy-obraz-33-768x376.jpg 768w, https:\/\/rowerowysztos.pl\/wp-content\/uploads\/2021\/01\/Nowy-obraz-33-1536x753.jpg 1536w, https:\/\/rowerowysztos.pl\/wp-content\/uploads\/2021\/01\/Nowy-obraz-33-1080x529.jpg 1080w, https:\/\/rowerowysztos.pl\/wp-content\/uploads\/2021\/01\/Nowy-obraz-33-1280x627.jpg 1280w, https:\/\/rowerowysztos.pl\/wp-content\/uploads\/2021\/01\/Nowy-obraz-33-980x480.jpg 980w, https:\/\/rowerowysztos.pl\/wp-content\/uploads\/2021\/01\/Nowy-obraz-33-480x235.jpg 480w\" sizes=\"auto, (max-width: 1606px) 100vw, 1606px\" \/><\/p>\n<p>Nasz\u0105 podr\u00f3\u017c zacz\u0119li\u015bmy w Poznaniu na lotnisku. Objechanie ca\u0142ego Ba\u0142tyku to ponad 8 tys. km. Z racji ograniczonych urlop\u00f3w postanowili\u015bmy nieco okroi\u0107 t\u0119 tras\u0119 z za\u0142o\u017ceniem, \u017ce brakuj\u0105ce odcinki dokr\u0119cimy kiedy indziej. Pomys\u0142 by\u0142 zatem taki, \u017ceby szybko dosta\u0107 si\u0119 do Szwecji, potem na wyspy Alandzkie, do Finlandii, a potem przez Estoni\u0119, \u0141otw\u0119 i Litw\u0119 do E\u0142ku na poci\u0105g powrotny. Tym samym zacz\u0119li\u015bmy od transportu rower\u00f3w samolotem. Czy to jest trudne? Zale\u017cy czy macie jakie\u015b do\u015bwiadczenia z zapakowanymi rowerami. Generalnie najprostszym i najta\u0144szym sposobem jest obdzwoni\u0107 lokalne sklepy rowerowe, znale\u017a\u0107 karton z odzysku i zacz\u0105\u0107 pakowanie (sakwy wrzucili\u015bmy w osobny du\u017cy karton jako p\u0142atny baga\u017c rejestrowany). Warto zobaczy\u0107 na youtubie jak si\u0119 pakuje rower, tak \u017ceby go nie uszkodzi\u0107. Na lotnisku karton z waszym rowerem b\u0119dzie rzucany, przewracany i wywalany z luku baga\u017cowego samolotu na p\u0142yt\u0119 lotniska z wysoko\u015bci kilku metr\u00f3w. Jest to wi\u0119c du\u017ce ryzyko, ale zazwyczaj si\u0119 udaje \ud83d\ude1b Warto te\u017c naprawd\u0119 dok\u0142adnie zabezpieczy\u0107 rower i nie upycha\u0107 nic na si\u0142\u0119. W czasie lotu wszystko b\u0119dzie poddawane ekstremalnym drganiom, w zwi\u0105zku z tym stykaj\u0105ce si\u0119 metalowe elementy mog\u0105 si\u0119 bardzo mocno obetrze\u0107. Koniecznie te\u017c trzeba spu\u015bci\u0107 powietrze z k\u00f3\u0142 do minimalnego poziomu, \u017ceby w czasie lotu d\u0119tki nie eksplodowa\u0142y! Po wyl\u0105dowaniu zabrali\u015bmy si\u0119 za rozpakowywanie, a po jakich\u015b 2 godzinach byli\u015bmy gotowi (kartony zostawili\u015bmy na lotnisku).<\/p>\n<div id=\"attachment_414\" style=\"width: 1152px\" class=\"wp-caption alignnone\"><img loading=\"lazy\" decoding=\"async\" aria-describedby=\"caption-attachment-414\" class=\"wp-image-414 size-full\" src=\"https:\/\/rowerowysztos.pl\/wp-content\/uploads\/2021\/01\/2-1.jpg\" alt=\"Rowerem brzegiem Ba\u0142tyku\" width=\"1142\" height=\"643\" srcset=\"https:\/\/rowerowysztos.pl\/wp-content\/uploads\/2021\/01\/2-1.jpg 1142w, https:\/\/rowerowysztos.pl\/wp-content\/uploads\/2021\/01\/2-1-980x552.jpg 980w, https:\/\/rowerowysztos.pl\/wp-content\/uploads\/2021\/01\/2-1-480x270.jpg 480w\" sizes=\"auto, (min-width: 0px) and (max-width: 480px) 480px, (min-width: 481px) and (max-width: 980px) 980px, (min-width: 981px) 1142px, 100vw\" \/><p id=\"caption-attachment-414\" class=\"wp-caption-text\">fot. Kacper G\u00f3rka<\/p><\/div>\n<p><strong>Szwecja na rowerze<\/strong> ?<\/p>\n<p>Jedziemy! Pierwszym etapem by\u0142o dostanie si\u0119 z lotniska w Nykoping do po\u0142o\u017conego 100 km. dalej Sztokholmu. Jako, \u017ce wyl\u0105dowali\u015bmy dosy\u0107 p\u00f3\u017ano, to zaraz po wyjechaniu z miasta zacz\u0119li\u015bmy szuka\u0107 noclegu na dziko. To jest jedna z najlepszych rzeczy w je\u017cd\u017ceniu rowerem po Skandynawii! Mo\u017cliwo\u015b\u0107 biwakowania na \u0142onie natury. \u017beby by\u0142o jasne nie jestem jakim\u015b fanatykiem tego rozwi\u0105zania, bo czasem warto wzi\u0105\u0107 ciep\u0142y prysznic \ud83d\ude00 Je\u017celi jednak jest ciep\u0142o, a w pobli\u017cu jest morze albo jezioro, w kt\u00f3rym mo\u017cna si\u0119 wyk\u0105pa\u0107, to jest to naprawd\u0119 super sprawa. O tym, \u017ce znacznie obni\u017ca koszty podr\u00f3\u017cy, nie musz\u0119 nawet wspomina\u0107.<\/p>\n<p><a href=\"https:\/\/rowerowysztos.pl\/wp-content\/uploads\/2021\/01\/Nowy-obraz-35.bmp\"><img loading=\"lazy\" decoding=\"async\" class=\"alignnone wp-image-423 size-full\" src=\"https:\/\/rowerowysztos.pl\/wp-content\/uploads\/2021\/01\/Nowy-obraz-35.bmp\" alt=\"Wyprawa rowerowa wok\u00f3\u0142 Ba\u0142tyku\" width=\"809\" height=\"721\" srcset=\"https:\/\/rowerowysztos.pl\/wp-content\/uploads\/2021\/01\/Nowy-obraz-35.bmp 809w, https:\/\/rowerowysztos.pl\/wp-content\/uploads\/2021\/01\/Nowy-obraz-35-300x267.jpg 300w, https:\/\/rowerowysztos.pl\/wp-content\/uploads\/2021\/01\/Nowy-obraz-35-768x684.jpg 768w, https:\/\/rowerowysztos.pl\/wp-content\/uploads\/2021\/01\/Nowy-obraz-35-480x428.jpg 480w\" sizes=\"auto, (max-width: 809px) 100vw, 809px\" \/><\/a><\/p>\n<p>Gdybym mia\u0142 wskaza\u0107 europejski kraj, w kt\u00f3rym najlepiej je\u017adzi\u0142o mi si\u0119 na rowerze, to by\u0142aby to Szwecja. Kultura jazdy jest po prostu niesamowita. Nie ma agresji, po\u015bpiechu, przeciskania si\u0119 samochodem ko\u0142o rowerzysty na grubo\u015b\u0107 gazety. Jest za to du\u017co u\u015bmiechu i \u017cyczliwo\u015bci. To co mnie jeszcze zaskoczy\u0142o, to fakt, \u017ce na drodze po wybrze\u017cu by\u0142o naprawd\u0119 pusto. Ba\u0142tyk kojarzy\u0142 mi si\u0119 przewa\u017cnie z Mielnem i zat\u0142oczonymi kurortami, a tutaj nagle pusto. W odr\u00f3\u017cnieniu od Polski wybrze\u017ce mimo ma\u0142ych przewy\u017csze\u0144, jest te\u017c du\u017co bardziej pofa\u0142dowane. Niby to takie mini g\u00f3rki, ale na d\u0142u\u017cszym dystansie i tak mo\u017cna si\u0119 troch\u0119 zm\u0119czy\u0107.<\/p>\n<p><img loading=\"lazy\" decoding=\"async\" class=\"alignnone size-full wp-image-406\" src=\"https:\/\/rowerowysztos.pl\/wp-content\/uploads\/2021\/01\/20180804_161020-scaled.jpg\" alt=\"Szwecja na rowerze\" width=\"2560\" height=\"1440\" srcset=\"https:\/\/rowerowysztos.pl\/wp-content\/uploads\/2021\/01\/20180804_161020-scaled.jpg 2560w, https:\/\/rowerowysztos.pl\/wp-content\/uploads\/2021\/01\/20180804_161020-1280x720.jpg 1280w, https:\/\/rowerowysztos.pl\/wp-content\/uploads\/2021\/01\/20180804_161020-980x551.jpg 980w, https:\/\/rowerowysztos.pl\/wp-content\/uploads\/2021\/01\/20180804_161020-480x270.jpg 480w\" sizes=\"auto, (min-width: 0px) and (max-width: 480px) 480px, (min-width: 481px) and (max-width: 980px) 980px, (min-width: 981px) and (max-width: 1280px) 1280px, (min-width: 1281px) 2560px, 100vw\" \/><\/p>\n<p><strong>Sztokholm i muzeum Wazy<\/strong><\/p>\n<p>W Sztokholmie nie pr\u00f3bowali\u015bmy spa\u0107 na dziko, tylko znale\u017ali\u015bmy sobie bardzo fajny <a href=\"https:\/\/pl.tripadvisor.com\/Hotel_Review-g189852-d2237936-Reviews-Bredang_Camping-Stockholm.html\">kemping Bredang<\/a>. Nie do\u015b\u0107, \u017ce po\u0142o\u017cony by\u0142 blisko centrum, to jeszcze nad jednym z wielu zbiornik\u00f3w wodnych z dost\u0119pem do pla\u017cy. Sztokholm generalnie po\u0142o\u017cony jest na niezliczonej liczbie wysepek, wi\u0119c gdzie si\u0119 nie obejrze\u0107 p\u0142ywaj\u0105 jachty, promy i jest mn\u00f3stwo most\u00f3w. Prawdziwy raj dla mi\u0142o\u015bnik\u00f3w wody i \u017ceglarstwa ? W samym Sztokholmie, poza ciekaw\u0105 architektur\u0105 zobaczyli\u015bmy te\u017c okr\u0119t Waza, kt\u00f3ry zaton\u0105\u0142 w 1628 roku w samym centrum miasta zaraz po zwodowaniu. Jednak dzi\u0119ki zimnym wodom i mu\u0142owi przele\u017ca\u0142 wiele lat i w ubieg\u0142ym wieku zosta\u0142 wydobyty w \u015bwietnym stanie. P\u00f3\u0142 dnia na zwiedzenie Sztokholmu to zdecydowanie za ma\u0142o i warto wybra\u0107 si\u0119 tam na d\u0142u\u017cej.<\/p>\n<p><img loading=\"lazy\" decoding=\"async\" class=\"alignnone size-full wp-image-421\" src=\"https:\/\/rowerowysztos.pl\/wp-content\/uploads\/2021\/01\/9.jpg\" alt=\"Muzeum Wazy Sztokholm\" width=\"1600\" height=\"1066\" srcset=\"https:\/\/rowerowysztos.pl\/wp-content\/uploads\/2021\/01\/9.jpg 1600w, https:\/\/rowerowysztos.pl\/wp-content\/uploads\/2021\/01\/9-1280x853.jpg 1280w, https:\/\/rowerowysztos.pl\/wp-content\/uploads\/2021\/01\/9-980x653.jpg 980w, https:\/\/rowerowysztos.pl\/wp-content\/uploads\/2021\/01\/9-480x320.jpg 480w\" sizes=\"auto, (min-width: 0px) and (max-width: 480px) 480px, (min-width: 481px) and (max-width: 980px) 980px, (min-width: 981px) and (max-width: 1280px) 1280px, (min-width: 1281px) 1600px, 100vw\" \/><\/p>\n<div id=\"attachment_419\" style=\"width: 1152px\" class=\"wp-caption alignnone\"><img loading=\"lazy\" decoding=\"async\" aria-describedby=\"caption-attachment-419\" class=\"size-full wp-image-419\" src=\"https:\/\/rowerowysztos.pl\/wp-content\/uploads\/2021\/01\/7.jpg\" alt=\"Skandynawia na rowerze\" width=\"1142\" height=\"643\" srcset=\"https:\/\/rowerowysztos.pl\/wp-content\/uploads\/2021\/01\/7.jpg 1142w, https:\/\/rowerowysztos.pl\/wp-content\/uploads\/2021\/01\/7-980x552.jpg 980w, https:\/\/rowerowysztos.pl\/wp-content\/uploads\/2021\/01\/7-480x270.jpg 480w\" sizes=\"auto, (min-width: 0px) and (max-width: 480px) 480px, (min-width: 481px) and (max-width: 980px) 980px, (min-width: 981px) 1142px, 100vw\" \/><p id=\"caption-attachment-419\" class=\"wp-caption-text\">fot. Kacper G\u00f3rka<\/p><\/div>\n<p><strong>Wyspy Alandzkie rowerem!<\/strong><\/p>\n<p><img loading=\"lazy\" decoding=\"async\" class=\"alignnone wp-image-407 size-full\" src=\"https:\/\/rowerowysztos.pl\/wp-content\/uploads\/2021\/01\/20180806_210315-scaled.jpg\" alt=\"Alandy na rowerze, Wyprawa rowerowa wok\u00f3\u0142 Ba\u0142tyku\" width=\"2560\" height=\"1440\" srcset=\"https:\/\/rowerowysztos.pl\/wp-content\/uploads\/2021\/01\/20180806_210315-scaled.jpg 2560w, https:\/\/rowerowysztos.pl\/wp-content\/uploads\/2021\/01\/20180806_210315-1280x720.jpg 1280w, https:\/\/rowerowysztos.pl\/wp-content\/uploads\/2021\/01\/20180806_210315-980x551.jpg 980w, https:\/\/rowerowysztos.pl\/wp-content\/uploads\/2021\/01\/20180806_210315-480x270.jpg 480w\" sizes=\"auto, (min-width: 0px) and (max-width: 480px) 480px, (min-width: 481px) and (max-width: 980px) 980px, (min-width: 981px) and (max-width: 1280px) 1280px, (min-width: 1281px) 2560px, 100vw\" \/><\/p>\n<p>Jest co\u015b tajemniczego w wyspach po\u0142o\u017conych na \u015brodku Ba\u0142tyku, daleko od wszystkiego. To troch\u0119 jak g\u0142\u0119boki las, w kt\u00f3rym nie ma zasi\u0119gu. Niby nic specjalnego, ale jest w tym co\u015b intryguj\u0105cego ? Czy wyspy Alandzkie takie s\u0105? Na pewno nie jest to samotna wyspa z zamkiem na \u015brodku (aczkolwiek zamek tam jest..), kt\u00f3ra przypomina twierdz\u0119 po\u015br\u00f3d wzburzonych w\u00f3d oceanu. Archipelag wysp Alandzkich sk\u0142ada si\u0119 z tysi\u0119cy ma\u0142ych wysepek. Promy na wyspy Alandzkie kursuj\u0105 regularnie, gdy\u017c jest to ch\u0119tnie wybierana forma rozrywki w\u015br\u00f3d Szwed\u00f3w. Wielu z nich nie p\u0142ynie nawet po to, \u017ceby dop\u0142yn\u0105\u0107, ale \u017ceby prze\u017cy\u0107 na statku ze stref\u0105 wolnoc\u0142ow\u0105 dwa upojne dni ? Promem p\u0142yn\u0119li\u015bmy kilkana\u015bcie godzin, co wystarczy\u0142o, \u017ceby wyspa\u0107 si\u0119 w wygodnych kajutach, wzi\u0105\u0107 prysznic i skorzysta\u0107 ze szwedzkiego bufetu o poranku.<\/p>\n<p><img loading=\"lazy\" decoding=\"async\" class=\"alignnone size-full wp-image-424\" src=\"https:\/\/rowerowysztos.pl\/wp-content\/uploads\/2021\/01\/20180805_163928-scaled.jpg\" alt=\"Promy na Wyspy Alandzkie\" width=\"2560\" height=\"1440\" srcset=\"https:\/\/rowerowysztos.pl\/wp-content\/uploads\/2021\/01\/20180805_163928-scaled.jpg 2560w, https:\/\/rowerowysztos.pl\/wp-content\/uploads\/2021\/01\/20180805_163928-1280x720.jpg 1280w, https:\/\/rowerowysztos.pl\/wp-content\/uploads\/2021\/01\/20180805_163928-980x551.jpg 980w, https:\/\/rowerowysztos.pl\/wp-content\/uploads\/2021\/01\/20180805_163928-480x270.jpg 480w\" sizes=\"auto, (min-width: 0px) and (max-width: 480px) 480px, (min-width: 481px) and (max-width: 980px) 980px, (min-width: 981px) and (max-width: 1280px) 1280px, (min-width: 1281px) 2560px, 100vw\" \/><\/p>\n<p>Postanowili\u015bmy, \u017ce spr\u00f3bujemy objecha\u0107 wyspy dooko\u0142a i wsi\u0105\u015b\u0107 nast\u0119pnego dnia na prom do Finlandii. Najwi\u0119kszym miastem na Alandach jest Marienhamn (11 tys. mieszka\u0144c\u00f3w). Ceny s\u0105 dosy\u0107 wysokie, chocia\u017c co ciekawe, paliwo a\u017c tak drogie (jak np. we W\u0142oszech) nie by\u0142o. Wyspy nale\u017c\u0105 oficjalnie do Finlandii, jednak maj\u0105 spor\u0105 autonomi\u0119 i w\u0142asne tablice rejestracyjne. Wbrew pozorom drogi nie by\u0142y a\u017c takie puste jak mog\u0142oby si\u0119 wydawa\u0107. Krajobraz by\u0142 pofa\u0142dowany i typowo skandynawski z du\u017c\u0105 ilo\u015bci\u0105 czerwonych domk\u00f3w i nagich ska\u0142. By\u0142o wietrznie, ale klimat na Alandach okaza\u0142 si\u0119 by\u0107 dosy\u0107 \u0142agodny. Alandy to r\u00f3wnie\u017c raj dla w\u0119dkarzy.<\/p>\n<div id=\"attachment_416\" style=\"width: 1610px\" class=\"wp-caption alignnone\"><img loading=\"lazy\" decoding=\"async\" aria-describedby=\"caption-attachment-416\" class=\"wp-image-416 size-full\" src=\"https:\/\/rowerowysztos.pl\/wp-content\/uploads\/2021\/01\/4.jpg\" alt=\"Rowerem nad morze\" width=\"1600\" height=\"900\" srcset=\"https:\/\/rowerowysztos.pl\/wp-content\/uploads\/2021\/01\/4.jpg 1600w, https:\/\/rowerowysztos.pl\/wp-content\/uploads\/2021\/01\/4-1280x720.jpg 1280w, https:\/\/rowerowysztos.pl\/wp-content\/uploads\/2021\/01\/4-980x551.jpg 980w, https:\/\/rowerowysztos.pl\/wp-content\/uploads\/2021\/01\/4-480x270.jpg 480w\" sizes=\"auto, (min-width: 0px) and (max-width: 480px) 480px, (min-width: 481px) and (max-width: 980px) 980px, (min-width: 981px) and (max-width: 1280px) 1280px, (min-width: 1281px) 1600px, 100vw\" \/><p id=\"caption-attachment-416\" class=\"wp-caption-text\">fot. Kacper G\u00f3rka<\/p><\/div>\n<p>Po zjechaniu z g\u0142\u00f3wnej drogi dotarli\u015bmy do promu, kt\u00f3ry mia\u0142 nas zabra\u0107 na kolejn\u0105 wysp\u0119, oczywi\u015bcie ju\u017c odp\u0142yn\u0105\u0142.. Pozosta\u0142o nam rozbi\u0107 namioty, wyci\u0105gn\u0105\u0107 kuchenki i otworzy\u0107 lokalne piwko\u2026 Rozbijanie obozu gdzie popadnie jest naprawd\u0119 jedn\u0105 z najlepszych rzeczy w je\u017cd\u017ceniu rowerem nad Ba\u0142tykiem, zw\u0142aszcza, gdy mo\u017cna si\u0119 rozbi\u0107 na rozgrzanej s\u0142o\u0144cem skale ?<\/p>\n<div id=\"attachment_415\" style=\"width: 1610px\" class=\"wp-caption alignnone\"><img loading=\"lazy\" decoding=\"async\" aria-describedby=\"caption-attachment-415\" class=\"wp-image-415 size-full\" src=\"https:\/\/rowerowysztos.pl\/wp-content\/uploads\/2021\/01\/3.jpg\" alt=\"Piwo na Wyspach Alandzkich, Wyspy Alandzkie ceny\" width=\"1600\" height=\"1066\" srcset=\"https:\/\/rowerowysztos.pl\/wp-content\/uploads\/2021\/01\/3.jpg 1600w, https:\/\/rowerowysztos.pl\/wp-content\/uploads\/2021\/01\/3-1280x853.jpg 1280w, https:\/\/rowerowysztos.pl\/wp-content\/uploads\/2021\/01\/3-980x653.jpg 980w, https:\/\/rowerowysztos.pl\/wp-content\/uploads\/2021\/01\/3-480x320.jpg 480w\" sizes=\"auto, (min-width: 0px) and (max-width: 480px) 480px, (min-width: 481px) and (max-width: 980px) 980px, (min-width: 981px) and (max-width: 1280px) 1280px, (min-width: 1281px) 1600px, 100vw\" \/><p id=\"caption-attachment-415\" class=\"wp-caption-text\">fot. Kacper G\u00f3rka<\/p><\/div>\n<p>Po zrobieniu ponad stu kilometr\u00f3w na Alandach, obowi\u0105zkowej wizycie na poczcie i pogadaniu z kilkoma miejscowymi, wsiedli\u015bmy na kolejny prom, tym razem w stron\u0119 Finlandii.<\/p>\n<p><img loading=\"lazy\" decoding=\"async\" class=\"alignnone size-full wp-image-422\" src=\"https:\/\/rowerowysztos.pl\/wp-content\/uploads\/2021\/01\/20180806_115713-scaled.jpg\" alt=\"Wyspy Alandzkie na rowerze\" width=\"2560\" height=\"1440\" srcset=\"https:\/\/rowerowysztos.pl\/wp-content\/uploads\/2021\/01\/20180806_115713-scaled.jpg 2560w, https:\/\/rowerowysztos.pl\/wp-content\/uploads\/2021\/01\/20180806_115713-1280x720.jpg 1280w, https:\/\/rowerowysztos.pl\/wp-content\/uploads\/2021\/01\/20180806_115713-980x551.jpg 980w, https:\/\/rowerowysztos.pl\/wp-content\/uploads\/2021\/01\/20180806_115713-480x270.jpg 480w\" sizes=\"auto, (min-width: 0px) and (max-width: 480px) 480px, (min-width: 481px) and (max-width: 980px) 980px, (min-width: 981px) and (max-width: 1280px) 1280px, (min-width: 1281px) 2560px, 100vw\" \/><\/p>\n<p><strong>Finlandia na rowerze<\/strong><\/p>\n<p>Dop\u0142yn\u0119li\u015bmy do Turku i standardowo ruszyli\u015bmy, \u017ceby poszuka\u0107 noclegu za miastem. Mo\u017ce to z\u0142udne wra\u017cenie, ale Finowie od samego pocz\u0105tku wydali mi si\u0119 odrobin\u0119 gburowaci. W ka\u017cdym razie, o ile w Szwecji i na Alandach mimo upalnego lata wieczorami by\u0142o ch\u0142odnawo, o tyle w Finalndii zrobi\u0142o si\u0119 ju\u017c naprawd\u0119 ciep\u0142o. W Helsinkach by\u0142o ponad 30 stopni w s\u0142o\u0144cu! Trasa do Helsinek nie by\u0142a zbyt ciekawa, natomiast sama stolica ju\u017c zdecydowanie tak. Helsinki s\u0105 r\u00f3wnie\u017c bardzo przyjazne rowerzystom, i podobnie jak w Sztokholmie jest tam wiele jacht\u00f3w i port\u00f3w. Wypatrzy\u0142em nawet biurowce z przystani\u0105 dla motor\u00f3wek, kt\u00f3rymi pracownicy dop\u0142ywaj\u0105 do pracy ? Tutaj czasu na zwiedzanie mieli\u015bmy bardzo ma\u0142o, dlatego objechali\u015bmy miasto, zobaczyli\u015bmy rze\u017ab\u0119 sikaj\u0105cego golasa i pomkn\u0119li\u015bmy na prom do Tallina.<\/p>\n<div id=\"attachment_425\" style=\"width: 2570px\" class=\"wp-caption alignnone\"><img loading=\"lazy\" decoding=\"async\" aria-describedby=\"caption-attachment-425\" class=\"wp-image-425 size-full\" src=\"https:\/\/rowerowysztos.pl\/wp-content\/uploads\/2021\/01\/20180809_120447-scaled.jpg\" alt=\"Szlak rowerowy R10\" width=\"2560\" height=\"1440\" srcset=\"https:\/\/rowerowysztos.pl\/wp-content\/uploads\/2021\/01\/20180809_120447-scaled.jpg 2560w, https:\/\/rowerowysztos.pl\/wp-content\/uploads\/2021\/01\/20180809_120447-1280x720.jpg 1280w, https:\/\/rowerowysztos.pl\/wp-content\/uploads\/2021\/01\/20180809_120447-980x551.jpg 980w, https:\/\/rowerowysztos.pl\/wp-content\/uploads\/2021\/01\/20180809_120447-480x270.jpg 480w\" sizes=\"auto, (min-width: 0px) and (max-width: 480px) 480px, (min-width: 481px) and (max-width: 980px) 980px, (min-width: 981px) and (max-width: 1280px) 1280px, (min-width: 1281px) 2560px, 100vw\" \/><p id=\"caption-attachment-425\" class=\"wp-caption-text\">fot. Kacper G\u00f3rka<\/p><\/div>\n<p><a href=\"https:\/\/rowerowysztos.pl\/wp-content\/uploads\/2021\/01\/Nowy-obraz-37.bmp\"><img loading=\"lazy\" decoding=\"async\" class=\"alignnone size-full wp-image-426\" src=\"https:\/\/rowerowysztos.pl\/wp-content\/uploads\/2021\/01\/Nowy-obraz-37.bmp\" alt=\"Rowerem brzegiem Ba\u0142tyku\" width=\"840\" height=\"736\" srcset=\"https:\/\/rowerowysztos.pl\/wp-content\/uploads\/2021\/01\/Nowy-obraz-37.bmp 840w, https:\/\/rowerowysztos.pl\/wp-content\/uploads\/2021\/01\/Nowy-obraz-37-300x263.jpg 300w, https:\/\/rowerowysztos.pl\/wp-content\/uploads\/2021\/01\/Nowy-obraz-37-768x673.jpg 768w, https:\/\/rowerowysztos.pl\/wp-content\/uploads\/2021\/01\/Nowy-obraz-37-480x421.jpg 480w\" sizes=\"auto, (max-width: 840px) 100vw, 840px\" \/><\/a><\/p>\n<p><strong>\u00a0T<\/strong><strong>alinn \u2013 idealne miejsce dla romantycznego imprezowicza<\/strong><\/p>\n<p><img loading=\"lazy\" decoding=\"async\" class=\"alignnone size-full wp-image-413\" src=\"https:\/\/rowerowysztos.pl\/wp-content\/uploads\/2021\/01\/1-1.jpg\" alt=\"Talinn na weekend\" width=\"1600\" height=\"900\" srcset=\"https:\/\/rowerowysztos.pl\/wp-content\/uploads\/2021\/01\/1-1.jpg 1600w, https:\/\/rowerowysztos.pl\/wp-content\/uploads\/2021\/01\/1-1-1280x720.jpg 1280w, https:\/\/rowerowysztos.pl\/wp-content\/uploads\/2021\/01\/1-1-980x551.jpg 980w, https:\/\/rowerowysztos.pl\/wp-content\/uploads\/2021\/01\/1-1-480x270.jpg 480w\" sizes=\"auto, (min-width: 0px) and (max-width: 480px) 480px, (min-width: 481px) and (max-width: 980px) 980px, (min-width: 981px) and (max-width: 1280px) 1280px, (min-width: 1281px) 1600px, 100vw\" \/><\/p>\n<p><img loading=\"lazy\" decoding=\"async\" class=\"alignnone size-full wp-image-427\" src=\"https:\/\/rowerowysztos.pl\/wp-content\/uploads\/2021\/01\/20180810_215640-scaled.jpg\" alt=\"Wyprawa rowerowa wok\u00f3\u0142 Ba\u0142tyku\" width=\"1440\" height=\"2560\" srcset=\"https:\/\/rowerowysztos.pl\/wp-content\/uploads\/2021\/01\/20180810_215640-scaled.jpg 1440w, https:\/\/rowerowysztos.pl\/wp-content\/uploads\/2021\/01\/20180810_215640-1280x2276.jpg 1280w, https:\/\/rowerowysztos.pl\/wp-content\/uploads\/2021\/01\/20180810_215640-980x1742.jpg 980w, https:\/\/rowerowysztos.pl\/wp-content\/uploads\/2021\/01\/20180810_215640-480x853.jpg 480w\" sizes=\"auto, (min-width: 0px) and (max-width: 480px) 480px, (min-width: 481px) and (max-width: 980px) 980px, (min-width: 981px) and (max-width: 1280px) 1280px, (min-width: 1281px) 1440px, 100vw\" \/><\/p>\n<p>W Tallinie czeka\u0142a nas wizyta u znajomego i jego dziewczyny, kt\u00f3rzy jako lokalni patrioci postanowili pokaza\u0107 nam Tallinn od najlepszej strony. W stolicy Estonii zdecydowanie wida\u0107 ju\u017c by\u0142o wp\u0142yw komuny. Na przedmie\u015bciach rozleg\u0142e osiedla blok\u00f3w, szerokie i dziurawe drogi, kt\u00f3re nie robi\u0142y najlepszego wra\u017cenia. Jednak \u015bredniowieczne centrum jest naprawd\u0119 niesamowite! Po\u0142o\u017cone na wzg\u00f3rzu, z widokiem na port, w\u0105skimi i urokliwymi uliczkami&#8230; Poza tym panuje w nim jaka\u015b taka przyjemna atmosfera, idealna do nocnego \u017cycia. Z jednej strony jest wiele knajpek i turyst\u00f3w, ale z drugiej nie ma \u015bmieci, pijanych sebiks\u00f3w i ludzi, kt\u00f3rzy przyjechali, \u017ceby zrobi\u0107 demolk\u0119, tak jak to si\u0119 niestety zdarza, np. w Poznaniu ? Dlatego je\u015bli chcecie wyskoczy\u0107 gdzie\u015b na weekend to Tallinn jest jak najbardziej godzien uwagi.<\/p>\n<p><img loading=\"lazy\" decoding=\"async\" class=\"alignnone size-full wp-image-409\" src=\"https:\/\/rowerowysztos.pl\/wp-content\/uploads\/2021\/01\/20180811_205521-scaled.jpg\" alt=\"Trasa rowerowa nad morzem\" width=\"2560\" height=\"1440\" srcset=\"https:\/\/rowerowysztos.pl\/wp-content\/uploads\/2021\/01\/20180811_205521-scaled.jpg 2560w, https:\/\/rowerowysztos.pl\/wp-content\/uploads\/2021\/01\/20180811_205521-1280x720.jpg 1280w, https:\/\/rowerowysztos.pl\/wp-content\/uploads\/2021\/01\/20180811_205521-980x551.jpg 980w, https:\/\/rowerowysztos.pl\/wp-content\/uploads\/2021\/01\/20180811_205521-480x270.jpg 480w\" sizes=\"auto, (min-width: 0px) and (max-width: 480px) 480px, (min-width: 481px) and (max-width: 980px) 980px, (min-width: 981px) and (max-width: 1280px) 1280px, (min-width: 1281px) 2560px, 100vw\" \/><\/p>\n<p>Po dok\u0142adnym poznaniu miasta i dwudniowej przerwie ruszyli\u015bmy dalej na po\u0142udnie. Niestety zrobi\u0142o si\u0119 troch\u0119 p\u0142asko i nudno, ale za to nie pada\u0142o. Na szcz\u0119\u015bcie na koniec dnia dotarli\u015bmy na pi\u0119kn\u0105 dzik\u0105 pla\u017c\u0119 zaraz za Parnaw\u0105, gdzie rozbili\u015bmy namioty. Kolejnego dnia pod\u0105\u017cali\u015bmy wzd\u0142u\u017c wybrze\u017ca i wjechali\u015bmy na \u0141otw\u0119. Trasa rowerowa R10, zwana te\u017c Eurovelo 10 jest na tym odcinku dosy\u0107 kiepska, gdy\u017c prowadzi drog\u0105 krajow\u0105. Po ca\u0142ym dniu w strugach deszczu, uciekaj\u0105c przed burz\u0105 dotarli\u015bmy na kemping Klintis. Jest on genialnie po\u0142o\u017cony w lesie zaraz przy pla\u017cy. Podobnie jak kemping w Sztokholmie, tak i ten mog\u0119 z czystym sumieniem poleci\u0107.<\/p>\n<p><img loading=\"lazy\" decoding=\"async\" class=\"alignnone wp-image-418 size-full\" src=\"https:\/\/rowerowysztos.pl\/wp-content\/uploads\/2021\/01\/6.jpg\" alt=\"Trasa rowerowa R10, Wyprawa rowerowa wok\u00f3\u0142 Ba\u0142tyku\" width=\"1600\" height=\"900\" srcset=\"https:\/\/rowerowysztos.pl\/wp-content\/uploads\/2021\/01\/6.jpg 1600w, https:\/\/rowerowysztos.pl\/wp-content\/uploads\/2021\/01\/6-1280x720.jpg 1280w, https:\/\/rowerowysztos.pl\/wp-content\/uploads\/2021\/01\/6-980x551.jpg 980w, https:\/\/rowerowysztos.pl\/wp-content\/uploads\/2021\/01\/6-480x270.jpg 480w\" sizes=\"auto, (min-width: 0px) and (max-width: 480px) 480px, (min-width: 481px) and (max-width: 980px) 980px, (min-width: 981px) and (max-width: 1280px) 1280px, (min-width: 1281px) 1600px, 100vw\" \/><\/p>\n<p><strong>Litewska wie\u015b i demoludy c.d.<\/strong><\/p>\n<p>Im bli\u017cej Polski tym robi\u0142o si\u0119 mniej skandynawsko, a bardziej demoludowo. Drogi nadal by\u0142y dobre (w wi\u0119kszo\u015bci nowe, g\u0142adkie i szersze ni\u017c w Polsce), ale wida\u0107 by\u0142o te\u017c coraz wi\u0119cej blok\u00f3w i tego typu budownictwa. Na Litwie ceny zrobi\u0142y si\u0119 na tyle niskie, \u017ce m\u00f3j kumpel zaszala\u0142 i kupi\u0142 doskona\u0142\u0105 wod\u0119 o nazwie Vytautas. By\u0107 mo\u017ce kojarzycie jej reklamy z Youtube\u2019a (troch\u0119 podobne do reklam Old Spice\u2019a :D). Je\u017celi lubicie posolon\u0105 kran\u00f3wk\u0119 z posmakiem rur, to przypadnie wam do gustu..<\/p>\n<p><img loading=\"lazy\" decoding=\"async\" class=\"alignnone size-full wp-image-417\" src=\"https:\/\/rowerowysztos.pl\/wp-content\/uploads\/2021\/01\/5.jpg\" alt=\"Rowerem brzegiem Ba\u0142tyku\" width=\"1600\" height=\"900\" srcset=\"https:\/\/rowerowysztos.pl\/wp-content\/uploads\/2021\/01\/5.jpg 1600w, https:\/\/rowerowysztos.pl\/wp-content\/uploads\/2021\/01\/5-1280x720.jpg 1280w, https:\/\/rowerowysztos.pl\/wp-content\/uploads\/2021\/01\/5-980x551.jpg 980w, https:\/\/rowerowysztos.pl\/wp-content\/uploads\/2021\/01\/5-480x270.jpg 480w\" sizes=\"auto, (min-width: 0px) and (max-width: 480px) 480px, (min-width: 481px) and (max-width: 980px) 980px, (min-width: 981px) and (max-width: 1280px) 1280px, (min-width: 1281px) 1600px, 100vw\" \/><\/p>\n<p>Z ka\u017cdym kolejnym kilometrem krajobraz robi\u0142 si\u0119 coraz bardziej pofa\u0142dowany, w ko\u0144cu zbli\u017cali\u015bmy si\u0119 do Mazur. Na Litwie poza kolejnym noclegiem na dziko nad jakim\u015b jeziorkiem, zatrzymali\u015bmy si\u0119 tak\u017ce, ze wzgl\u0119du na moje problemy zdrowotne na dwa noclegi na <a href=\"https:\/\/www.eurocampings.pl\/litwa\/kurtuvenai\/kemping-kurtuvenai-118333\/\">kempingu Kurtuvenai<\/a>. Jak si\u0119 okaza\u0142o kemping by\u0142 bardzo przyjazny, a sanitariaty i kuchnia mie\u015bci\u0142y si\u0119 w fajnie odrestaurowanej drewnianej chacie. Jak to na kempingu, poznali\u015bmy pozytywnie zakr\u0119conych ludzi, w tym ma\u0142\u017ce\u0144stwo z Finlandii, kt\u00f3re nagrywa\u0142o filmiki z drona.<\/p>\n<div id=\"attachment_411\" style=\"width: 1623px\" class=\"wp-caption alignnone\"><img loading=\"lazy\" decoding=\"async\" aria-describedby=\"caption-attachment-411\" class=\"wp-image-411 size-full\" src=\"https:\/\/rowerowysztos.pl\/wp-content\/uploads\/2021\/01\/DSC_0400-2.jpg\" alt=\"Litwa na rowerze, Wyprawa rowerowa wok\u00f3\u0142 Ba\u0142tyku\" width=\"1613\" height=\"1075\" srcset=\"https:\/\/rowerowysztos.pl\/wp-content\/uploads\/2021\/01\/DSC_0400-2.jpg 1613w, https:\/\/rowerowysztos.pl\/wp-content\/uploads\/2021\/01\/DSC_0400-2-1280x853.jpg 1280w, https:\/\/rowerowysztos.pl\/wp-content\/uploads\/2021\/01\/DSC_0400-2-980x653.jpg 980w, https:\/\/rowerowysztos.pl\/wp-content\/uploads\/2021\/01\/DSC_0400-2-480x320.jpg 480w\" sizes=\"auto, (min-width: 0px) and (max-width: 480px) 480px, (min-width: 481px) and (max-width: 980px) 980px, (min-width: 981px) and (max-width: 1280px) 1280px, (min-width: 1281px) 1613px, 100vw\" \/><p id=\"caption-attachment-411\" class=\"wp-caption-text\">fot. Kacper G\u00f3rka<\/p><\/div>\n<p><strong>Polskie Tiry i siup do E\u0142ku<\/strong><\/p>\n<p>Do Polski wjechali\u015bmy przez jakie\u015b ma\u0142e i niestrze\u017cone przej\u015bcie graniczne. Zjedli\u015bmy schabowego z sur\u00f3wk\u0105 i ruszyli\u015bmy drog\u0105 wojew\u00f3dzk\u0105 w stron\u0119 E\u0142ku. Nie chc\u0119 by\u0107 malkontentem, jednak to co si\u0119 tam wyprawia\u0142o przechodzi\u0142o ludzkie poj\u0119cie. Nieko\u0144cz\u0105cy si\u0119 sznur tir\u00f3w, kt\u00f3ry spycha\u0142 nas do rowu by\u0142 naprawd\u0119 stresuj\u0105cy. Moim zdaniem wynika to nie tylko z gorszych ni\u017c na Litwie i w pozosta\u0142ych krajach dr\u00f3g, ale chyba te\u017c z jakiego\u015b chorego p\u0119du i niech\u0119ci do wci\u015bni\u0119cia hamulca i spokojnego wyprzedzenia rowerzysty. Mam jednak nadziej\u0119, \u017ce kiedy\u015b i u nas drogi stan\u0105 si\u0119 bezpieczne dla rowerzyst\u00f3w. Po najd\u0142u\u017cszym, 185 km etapie dotarli\u015bmy wieczorem do E\u0142ku. Chcieli\u015bmy zd\u0105\u017cy\u0107 na poci\u0105g, ale jak si\u0119 pewnie domy\u015blacie.. nic z tego nie wysz\u0142o.<\/p>\n<p><strong>Podsumowanie<\/strong><\/p>\n<p>Pomijaj\u0105c niezbyt fajne do\u015bwiadczenia z ostatniego dnia, wyprawa rowerowa wok\u00f3\u0142 Ba\u0142tyku by\u0142a naprawd\u0119 udana! Skandynawia, Alandy, wizyta w Tallinie i przepi\u0119kny Ba\u0142tyk by\u0142y naprawd\u0119 super. Przejechali\u015bmy 1400 km w 12 dni i zobaczyli\u015bmy 4 stolice. Mimo sporego dystansu jest to tak naprawd\u0119 trasa dla ka\u017cdego. Nie ma tu <a href=\"https:\/\/rowerowysztos.pl\/index.php\/2021\/01\/03\/wyprawa-rowerowa\/\">morderczych podjazd\u00f3w<\/a>, ani ponad 40 stopniowych upa\u0142\u00f3w. Blisko\u015b\u0107 morza sprawia te\u017c, \u017ce mo\u017cna cz\u0119sto wpada\u0107 na pla\u017c\u0119, \u017ceby odpocz\u0105\u0107. Trasa nie wymaga te\u017c jakiego\u015b bardzo terenowego, ani mocnego roweru. Dlatego je\u015bli szukacie pomys\u0142u gdzie pojecha\u0107 na swoje pierwsze d\u0142u\u017csze rowerowe wakacje to Szwecja, czy Alandy b\u0119d\u0105 \u015bwietnym wyborem. Finlandia i kraje nadba\u0142tyckie s\u0105 r\u00f3wnie\u017c pi\u0119kne, ale d\u0142ugie odcinki i monotonny krajobraz mog\u0105 troch\u0119 zniech\u0119ci\u0107 je\u015bli chcieliby\u015bcie przyjecha\u0107 tylko w jedno miejsce. Fajn\u0105 atrakcj\u0105 na naszej trasie by\u0142y te\u017c zdecydowanie promy. Zapewniaj\u0105 pok\u00f3j z \u0142azienk\u0105 za sensowne pieni\u0105dze, dobre jedzenie, super widoki i stref\u0119 wolnoc\u0142ow\u0105 ? Je\u017celi zastanawiacie si\u0119 czy wybra\u0107 prom to zdecydowanie polecam. Promy p\u0142ywaj\u0105 te\u017c z Polski do Karlskrony w Szwecji, czy na wysp\u0119 Bornholm. Moj\u0105 ostatni\u0105 obserwacj\u0105 jest te\u017c to, \u017ce odwiedzanie znajomych, czy rodziny (nawet tej dalszej) na trasie to bardzo fajne urozmaicenie. Zazwyczaj zostaniecie nie tylko dobrze odkarmieni, ale zobaczycie te\u017c super miejsca znane tylko lokalsom ?<\/p>\n<p><img loading=\"lazy\" decoding=\"async\" class=\"alignnone size-full wp-image-420\" src=\"https:\/\/rowerowysztos.pl\/wp-content\/uploads\/2021\/01\/8.jpg\" alt=\"Wyprawa rowerowa wok\u00f3\u0142 Ba\u0142tyku\" width=\"1600\" height=\"1066\" srcset=\"https:\/\/rowerowysztos.pl\/wp-content\/uploads\/2021\/01\/8.jpg 1600w, https:\/\/rowerowysztos.pl\/wp-content\/uploads\/2021\/01\/8-1280x853.jpg 1280w, https:\/\/rowerowysztos.pl\/wp-content\/uploads\/2021\/01\/8-980x653.jpg 980w, https:\/\/rowerowysztos.pl\/wp-content\/uploads\/2021\/01\/8-480x320.jpg 480w\" sizes=\"auto, (min-width: 0px) and (max-width: 480px) 480px, (min-width: 481px) and (max-width: 980px) 980px, (min-width: 981px) and (max-width: 1280px) 1280px, (min-width: 1281px) 1600px, 100vw\" \/><\/p>\n<p>&nbsp;<\/p>\n<div class=\"fb-background-color\">\n\t\t\t  <div \n\t\t\t  \tclass = \"fb-comments\" \n\t\t\t  \tdata-href = \"https:\/\/rowerowysztos.pl\/index.php\/2021\/01\/30\/wyprawa-rowerowa-wokol-baltyku-trasa-r10\/\"\n\t\t\t  \tdata-numposts = \"10\"\n\t\t\t  \tdata-lazy = \"true\"\n\t\t\t\tdata-colorscheme = \"light\"\n\t\t\t\tdata-order-by = \"social\"\n\t\t\t\tdata-mobile=true>\n\t\t\t  <\/div><\/div>\n\t\t  <style>\n\t\t    .fb-background-color {\n\t\t\t\tbackground: #ffffff !important;\n\t\t\t}\n\t\t\t.fb_iframe_widget_fluid_desktop iframe {\n\t\t\t    width: 100% !important;\n\t\t\t}\n\t\t  <\/style>\n\t\t  ","protected":false},"excerpt":{"rendered":"<p>Wyprawa rowerowa wok\u00f3\u0142 Ba\u0142tyku. S\u0142oneczna Szwecja, wyspy Alandzkie, promy i niesamowity Talinn. Idealny pomys\u0142 na letnie wakacje!<\/p>\n","protected":false},"author":1,"featured_media":410,"comment_status":"open","ping_status":"open","sticky":false,"template":"","format":"standard","meta":{"_et_pb_use_builder":"","_et_pb_old_content":"","_et_gb_content_width":"","footnotes":""},"categories":[5,6],"tags":[21,20,13],"class_list":["post-404","post","type-post","status-publish","format-standard","has-post-thumbnail","hentry","category-podroze","category-strona-glowna","tag-latwe-trasy-na-rower","tag-rowerem-wokol-baltyku","tag-wyprawa-rowerowa"],"yoast_head":"<!-- This site is optimized with the Yoast SEO plugin v27.5 - https:\/\/yoast.com\/product\/yoast-seo-wordpress\/ -->\n<title>Wyprawa rowerowa wok\u00f3\u0142 Ba\u0142tyku - RowerowySztos.pl<\/title>\n<meta name=\"description\" content=\"Wyprawa rowerowa wok\u00f3\u0142 Ba\u0142tyku. S\u0142oneczna Szwecja, wyspy Alandzkie, promy i niesamowity Talinn. Idealny pomys\u0142 na letnie wakacje!\" \/>\n<meta name=\"robots\" content=\"index, follow, max-snippet:-1, max-image-preview:large, max-video-preview:-1\" \/>\n<link rel=\"canonical\" href=\"https:\/\/rowerowysztos.pl\/index.php\/2021\/01\/30\/wyprawa-rowerowa-wokol-baltyku-trasa-r10\/\" \/>\n<meta property=\"og:locale\" content=\"pl_PL\" \/>\n<meta property=\"og:type\" content=\"article\" \/>\n<meta property=\"og:title\" content=\"Wyprawa rowerowa wok\u00f3\u0142 Ba\u0142tyku - RowerowySztos.pl\" \/>\n<meta property=\"og:description\" content=\"Wyprawa rowerowa wok\u00f3\u0142 Ba\u0142tyku. S\u0142oneczna Szwecja, wyspy Alandzkie, promy i niesamowity Talinn. Idealny pomys\u0142 na letnie wakacje!\" \/>\n<meta property=\"og:url\" content=\"https:\/\/rowerowysztos.pl\/index.php\/2021\/01\/30\/wyprawa-rowerowa-wokol-baltyku-trasa-r10\/\" \/>\n<meta property=\"og:site_name\" content=\"RowerowySztos.pl\" \/>\n<meta property=\"article:published_time\" content=\"2021-01-30T15:23:48+00:00\" \/>\n<meta property=\"article:modified_time\" content=\"2021-02-01T21:42:45+00:00\" \/>\n<meta property=\"og:image\" content=\"https:\/\/rowerowysztos.pl\/wp-content\/uploads\/2021\/01\/DSC_0332-scaled.jpg\" \/>\n\t<meta property=\"og:image:width\" content=\"2560\" \/>\n\t<meta property=\"og:image:height\" content=\"1707\" \/>\n\t<meta property=\"og:image:type\" content=\"image\/jpeg\" \/>\n<meta name=\"author\" content=\"rowerowy sztos\" \/>\n<meta name=\"twitter:card\" content=\"summary_large_image\" \/>\n<meta name=\"twitter:label1\" content=\"Napisane przez\" \/>\n\t<meta name=\"twitter:data1\" content=\"rowerowy sztos\" \/>\n\t<meta name=\"twitter:label2\" content=\"Szacowany czas czytania\" \/>\n\t<meta name=\"twitter:data2\" content=\"12 minut\" \/>\n<script type=\"application\/ld+json\" class=\"yoast-schema-graph\">{\"@context\":\"https:\\\/\\\/schema.org\",\"@graph\":[{\"@type\":\"Article\",\"@id\":\"https:\\\/\\\/rowerowysztos.pl\\\/index.php\\\/2021\\\/01\\\/30\\\/wyprawa-rowerowa-wokol-baltyku-trasa-r10\\\/#article\",\"isPartOf\":{\"@id\":\"https:\\\/\\\/rowerowysztos.pl\\\/index.php\\\/2021\\\/01\\\/30\\\/wyprawa-rowerowa-wokol-baltyku-trasa-r10\\\/\"},\"author\":{\"name\":\"rowerowy sztos\",\"@id\":\"https:\\\/\\\/rowerowysztos.pl\\\/#\\\/schema\\\/person\\\/1df3750de5e2062fe12b280c9973953b\"},\"headline\":\"Wyprawa rowerowa wok\u00f3\u0142 Ba\u0142tyku\",\"datePublished\":\"2021-01-30T15:23:48+00:00\",\"dateModified\":\"2021-02-01T21:42:45+00:00\",\"mainEntityOfPage\":{\"@id\":\"https:\\\/\\\/rowerowysztos.pl\\\/index.php\\\/2021\\\/01\\\/30\\\/wyprawa-rowerowa-wokol-baltyku-trasa-r10\\\/\"},\"wordCount\":2156,\"commentCount\":0,\"image\":{\"@id\":\"https:\\\/\\\/rowerowysztos.pl\\\/index.php\\\/2021\\\/01\\\/30\\\/wyprawa-rowerowa-wokol-baltyku-trasa-r10\\\/#primaryimage\"},\"thumbnailUrl\":\"https:\\\/\\\/rowerowysztos.pl\\\/wp-content\\\/uploads\\\/2021\\\/01\\\/DSC_0332-scaled.jpg\",\"keywords\":[\"\u0142atwe trasy na rower\",\"rowerem wok\u00f3\u0142 ba\u0142tyku\",\"Wyprawa rowerowa\"],\"articleSection\":[\"PODR\u00d3\u017bE\",\"Strona g\u0142\u00f3wna\"],\"inLanguage\":\"pl-PL\"},{\"@type\":\"WebPage\",\"@id\":\"https:\\\/\\\/rowerowysztos.pl\\\/index.php\\\/2021\\\/01\\\/30\\\/wyprawa-rowerowa-wokol-baltyku-trasa-r10\\\/\",\"url\":\"https:\\\/\\\/rowerowysztos.pl\\\/index.php\\\/2021\\\/01\\\/30\\\/wyprawa-rowerowa-wokol-baltyku-trasa-r10\\\/\",\"name\":\"Wyprawa rowerowa wok\u00f3\u0142 Ba\u0142tyku - RowerowySztos.pl\",\"isPartOf\":{\"@id\":\"https:\\\/\\\/rowerowysztos.pl\\\/#website\"},\"primaryImageOfPage\":{\"@id\":\"https:\\\/\\\/rowerowysztos.pl\\\/index.php\\\/2021\\\/01\\\/30\\\/wyprawa-rowerowa-wokol-baltyku-trasa-r10\\\/#primaryimage\"},\"image\":{\"@id\":\"https:\\\/\\\/rowerowysztos.pl\\\/index.php\\\/2021\\\/01\\\/30\\\/wyprawa-rowerowa-wokol-baltyku-trasa-r10\\\/#primaryimage\"},\"thumbnailUrl\":\"https:\\\/\\\/rowerowysztos.pl\\\/wp-content\\\/uploads\\\/2021\\\/01\\\/DSC_0332-scaled.jpg\",\"datePublished\":\"2021-01-30T15:23:48+00:00\",\"dateModified\":\"2021-02-01T21:42:45+00:00\",\"author\":{\"@id\":\"https:\\\/\\\/rowerowysztos.pl\\\/#\\\/schema\\\/person\\\/1df3750de5e2062fe12b280c9973953b\"},\"description\":\"Wyprawa rowerowa wok\u00f3\u0142 Ba\u0142tyku. S\u0142oneczna Szwecja, wyspy Alandzkie, promy i niesamowity Talinn. Idealny pomys\u0142 na letnie wakacje!\",\"breadcrumb\":{\"@id\":\"https:\\\/\\\/rowerowysztos.pl\\\/index.php\\\/2021\\\/01\\\/30\\\/wyprawa-rowerowa-wokol-baltyku-trasa-r10\\\/#breadcrumb\"},\"inLanguage\":\"pl-PL\",\"potentialAction\":[{\"@type\":\"ReadAction\",\"target\":[\"https:\\\/\\\/rowerowysztos.pl\\\/index.php\\\/2021\\\/01\\\/30\\\/wyprawa-rowerowa-wokol-baltyku-trasa-r10\\\/\"]}]},{\"@type\":\"ImageObject\",\"inLanguage\":\"pl-PL\",\"@id\":\"https:\\\/\\\/rowerowysztos.pl\\\/index.php\\\/2021\\\/01\\\/30\\\/wyprawa-rowerowa-wokol-baltyku-trasa-r10\\\/#primaryimage\",\"url\":\"https:\\\/\\\/rowerowysztos.pl\\\/wp-content\\\/uploads\\\/2021\\\/01\\\/DSC_0332-scaled.jpg\",\"contentUrl\":\"https:\\\/\\\/rowerowysztos.pl\\\/wp-content\\\/uploads\\\/2021\\\/01\\\/DSC_0332-scaled.jpg\",\"width\":2560,\"height\":1707,\"caption\":\"fot. Kacper G\u00f3rka\"},{\"@type\":\"BreadcrumbList\",\"@id\":\"https:\\\/\\\/rowerowysztos.pl\\\/index.php\\\/2021\\\/01\\\/30\\\/wyprawa-rowerowa-wokol-baltyku-trasa-r10\\\/#breadcrumb\",\"itemListElement\":[{\"@type\":\"ListItem\",\"position\":1,\"name\":\"Strona g\u0142\u00f3wna\",\"item\":\"https:\\\/\\\/rowerowysztos.pl\\\/\"},{\"@type\":\"ListItem\",\"position\":2,\"name\":\"Wyprawa rowerowa wok\u00f3\u0142 Ba\u0142tyku\"}]},{\"@type\":\"WebSite\",\"@id\":\"https:\\\/\\\/rowerowysztos.pl\\\/#website\",\"url\":\"https:\\\/\\\/rowerowysztos.pl\\\/\",\"name\":\"RowerowySztos.pl\",\"description\":\"Je\u015bli chcesz odkry\u0107 rower na nowo, je\u017adzi\u0107 szybciej wygodniej i mie\u0107 z tego wi\u0119cej frajdy to ten blog jest dla Ciebie!\",\"potentialAction\":[{\"@type\":\"SearchAction\",\"target\":{\"@type\":\"EntryPoint\",\"urlTemplate\":\"https:\\\/\\\/rowerowysztos.pl\\\/?s={search_term_string}\"},\"query-input\":{\"@type\":\"PropertyValueSpecification\",\"valueRequired\":true,\"valueName\":\"search_term_string\"}}],\"inLanguage\":\"pl-PL\"},{\"@type\":\"Person\",\"@id\":\"https:\\\/\\\/rowerowysztos.pl\\\/#\\\/schema\\\/person\\\/1df3750de5e2062fe12b280c9973953b\",\"name\":\"rowerowy sztos\",\"image\":{\"@type\":\"ImageObject\",\"inLanguage\":\"pl-PL\",\"@id\":\"https:\\\/\\\/secure.gravatar.com\\\/avatar\\\/b7add67864c6970e147c5744ee44cd02b8192ae1a5a1821a922ecc7139b7080b?s=96&d=mm&r=g\",\"url\":\"https:\\\/\\\/secure.gravatar.com\\\/avatar\\\/b7add67864c6970e147c5744ee44cd02b8192ae1a5a1821a922ecc7139b7080b?s=96&d=mm&r=g\",\"contentUrl\":\"https:\\\/\\\/secure.gravatar.com\\\/avatar\\\/b7add67864c6970e147c5744ee44cd02b8192ae1a5a1821a922ecc7139b7080b?s=96&d=mm&r=g\",\"caption\":\"rowerowy sztos\"},\"sameAs\":[\"http:\\\/\\\/rowerowysztos.pl\"],\"url\":\"https:\\\/\\\/rowerowysztos.pl\\\/index.php\\\/author\\\/rower\\\/\"}]}<\/script>\n<!-- \/ Yoast SEO plugin. -->","yoast_head_json":{"title":"Wyprawa rowerowa wok\u00f3\u0142 Ba\u0142tyku - RowerowySztos.pl","description":"Wyprawa rowerowa wok\u00f3\u0142 Ba\u0142tyku. S\u0142oneczna Szwecja, wyspy Alandzkie, promy i niesamowity Talinn. Idealny pomys\u0142 na letnie wakacje!","robots":{"index":"index","follow":"follow","max-snippet":"max-snippet:-1","max-image-preview":"max-image-preview:large","max-video-preview":"max-video-preview:-1"},"canonical":"https:\/\/rowerowysztos.pl\/index.php\/2021\/01\/30\/wyprawa-rowerowa-wokol-baltyku-trasa-r10\/","og_locale":"pl_PL","og_type":"article","og_title":"Wyprawa rowerowa wok\u00f3\u0142 Ba\u0142tyku - RowerowySztos.pl","og_description":"Wyprawa rowerowa wok\u00f3\u0142 Ba\u0142tyku. S\u0142oneczna Szwecja, wyspy Alandzkie, promy i niesamowity Talinn. Idealny pomys\u0142 na letnie wakacje!","og_url":"https:\/\/rowerowysztos.pl\/index.php\/2021\/01\/30\/wyprawa-rowerowa-wokol-baltyku-trasa-r10\/","og_site_name":"RowerowySztos.pl","article_published_time":"2021-01-30T15:23:48+00:00","article_modified_time":"2021-02-01T21:42:45+00:00","og_image":[{"width":2560,"height":1707,"url":"https:\/\/rowerowysztos.pl\/wp-content\/uploads\/2021\/01\/DSC_0332-scaled.jpg","type":"image\/jpeg"}],"author":"rowerowy sztos","twitter_card":"summary_large_image","twitter_misc":{"Napisane przez":"rowerowy sztos","Szacowany czas czytania":"12 minut"},"schema":{"@context":"https:\/\/schema.org","@graph":[{"@type":"Article","@id":"https:\/\/rowerowysztos.pl\/index.php\/2021\/01\/30\/wyprawa-rowerowa-wokol-baltyku-trasa-r10\/#article","isPartOf":{"@id":"https:\/\/rowerowysztos.pl\/index.php\/2021\/01\/30\/wyprawa-rowerowa-wokol-baltyku-trasa-r10\/"},"author":{"name":"rowerowy sztos","@id":"https:\/\/rowerowysztos.pl\/#\/schema\/person\/1df3750de5e2062fe12b280c9973953b"},"headline":"Wyprawa rowerowa wok\u00f3\u0142 Ba\u0142tyku","datePublished":"2021-01-30T15:23:48+00:00","dateModified":"2021-02-01T21:42:45+00:00","mainEntityOfPage":{"@id":"https:\/\/rowerowysztos.pl\/index.php\/2021\/01\/30\/wyprawa-rowerowa-wokol-baltyku-trasa-r10\/"},"wordCount":2156,"commentCount":0,"image":{"@id":"https:\/\/rowerowysztos.pl\/index.php\/2021\/01\/30\/wyprawa-rowerowa-wokol-baltyku-trasa-r10\/#primaryimage"},"thumbnailUrl":"https:\/\/rowerowysztos.pl\/wp-content\/uploads\/2021\/01\/DSC_0332-scaled.jpg","keywords":["\u0142atwe trasy na rower","rowerem wok\u00f3\u0142 ba\u0142tyku","Wyprawa rowerowa"],"articleSection":["PODR\u00d3\u017bE","Strona g\u0142\u00f3wna"],"inLanguage":"pl-PL"},{"@type":"WebPage","@id":"https:\/\/rowerowysztos.pl\/index.php\/2021\/01\/30\/wyprawa-rowerowa-wokol-baltyku-trasa-r10\/","url":"https:\/\/rowerowysztos.pl\/index.php\/2021\/01\/30\/wyprawa-rowerowa-wokol-baltyku-trasa-r10\/","name":"Wyprawa rowerowa wok\u00f3\u0142 Ba\u0142tyku - RowerowySztos.pl","isPartOf":{"@id":"https:\/\/rowerowysztos.pl\/#website"},"primaryImageOfPage":{"@id":"https:\/\/rowerowysztos.pl\/index.php\/2021\/01\/30\/wyprawa-rowerowa-wokol-baltyku-trasa-r10\/#primaryimage"},"image":{"@id":"https:\/\/rowerowysztos.pl\/index.php\/2021\/01\/30\/wyprawa-rowerowa-wokol-baltyku-trasa-r10\/#primaryimage"},"thumbnailUrl":"https:\/\/rowerowysztos.pl\/wp-content\/uploads\/2021\/01\/DSC_0332-scaled.jpg","datePublished":"2021-01-30T15:23:48+00:00","dateModified":"2021-02-01T21:42:45+00:00","author":{"@id":"https:\/\/rowerowysztos.pl\/#\/schema\/person\/1df3750de5e2062fe12b280c9973953b"},"description":"Wyprawa rowerowa wok\u00f3\u0142 Ba\u0142tyku. S\u0142oneczna Szwecja, wyspy Alandzkie, promy i niesamowity Talinn. Idealny pomys\u0142 na letnie wakacje!","breadcrumb":{"@id":"https:\/\/rowerowysztos.pl\/index.php\/2021\/01\/30\/wyprawa-rowerowa-wokol-baltyku-trasa-r10\/#breadcrumb"},"inLanguage":"pl-PL","potentialAction":[{"@type":"ReadAction","target":["https:\/\/rowerowysztos.pl\/index.php\/2021\/01\/30\/wyprawa-rowerowa-wokol-baltyku-trasa-r10\/"]}]},{"@type":"ImageObject","inLanguage":"pl-PL","@id":"https:\/\/rowerowysztos.pl\/index.php\/2021\/01\/30\/wyprawa-rowerowa-wokol-baltyku-trasa-r10\/#primaryimage","url":"https:\/\/rowerowysztos.pl\/wp-content\/uploads\/2021\/01\/DSC_0332-scaled.jpg","contentUrl":"https:\/\/rowerowysztos.pl\/wp-content\/uploads\/2021\/01\/DSC_0332-scaled.jpg","width":2560,"height":1707,"caption":"fot. Kacper G\u00f3rka"},{"@type":"BreadcrumbList","@id":"https:\/\/rowerowysztos.pl\/index.php\/2021\/01\/30\/wyprawa-rowerowa-wokol-baltyku-trasa-r10\/#breadcrumb","itemListElement":[{"@type":"ListItem","position":1,"name":"Strona g\u0142\u00f3wna","item":"https:\/\/rowerowysztos.pl\/"},{"@type":"ListItem","position":2,"name":"Wyprawa rowerowa wok\u00f3\u0142 Ba\u0142tyku"}]},{"@type":"WebSite","@id":"https:\/\/rowerowysztos.pl\/#website","url":"https:\/\/rowerowysztos.pl\/","name":"RowerowySztos.pl","description":"Je\u015bli chcesz odkry\u0107 rower na nowo, je\u017adzi\u0107 szybciej wygodniej i mie\u0107 z tego wi\u0119cej frajdy to ten blog jest dla Ciebie!","potentialAction":[{"@type":"SearchAction","target":{"@type":"EntryPoint","urlTemplate":"https:\/\/rowerowysztos.pl\/?s={search_term_string}"},"query-input":{"@type":"PropertyValueSpecification","valueRequired":true,"valueName":"search_term_string"}}],"inLanguage":"pl-PL"},{"@type":"Person","@id":"https:\/\/rowerowysztos.pl\/#\/schema\/person\/1df3750de5e2062fe12b280c9973953b","name":"rowerowy sztos","image":{"@type":"ImageObject","inLanguage":"pl-PL","@id":"https:\/\/secure.gravatar.com\/avatar\/b7add67864c6970e147c5744ee44cd02b8192ae1a5a1821a922ecc7139b7080b?s=96&d=mm&r=g","url":"https:\/\/secure.gravatar.com\/avatar\/b7add67864c6970e147c5744ee44cd02b8192ae1a5a1821a922ecc7139b7080b?s=96&d=mm&r=g","contentUrl":"https:\/\/secure.gravatar.com\/avatar\/b7add67864c6970e147c5744ee44cd02b8192ae1a5a1821a922ecc7139b7080b?s=96&d=mm&r=g","caption":"rowerowy sztos"},"sameAs":["http:\/\/rowerowysztos.pl"],"url":"https:\/\/rowerowysztos.pl\/index.php\/author\/rower\/"}]}},"_links":{"self":[{"href":"https:\/\/rowerowysztos.pl\/index.php\/wp-json\/wp\/v2\/posts\/404","targetHints":{"allow":["GET"]}}],"collection":[{"href":"https:\/\/rowerowysztos.pl\/index.php\/wp-json\/wp\/v2\/posts"}],"about":[{"href":"https:\/\/rowerowysztos.pl\/index.php\/wp-json\/wp\/v2\/types\/post"}],"author":[{"embeddable":true,"href":"https:\/\/rowerowysztos.pl\/index.php\/wp-json\/wp\/v2\/users\/1"}],"replies":[{"embeddable":true,"href":"https:\/\/rowerowysztos.pl\/index.php\/wp-json\/wp\/v2\/comments?post=404"}],"version-history":[{"count":3,"href":"https:\/\/rowerowysztos.pl\/index.php\/wp-json\/wp\/v2\/posts\/404\/revisions"}],"predecessor-version":[{"id":433,"href":"https:\/\/rowerowysztos.pl\/index.php\/wp-json\/wp\/v2\/posts\/404\/revisions\/433"}],"wp:featuredmedia":[{"embeddable":true,"href":"https:\/\/rowerowysztos.pl\/index.php\/wp-json\/wp\/v2\/media\/410"}],"wp:attachment":[{"href":"https:\/\/rowerowysztos.pl\/index.php\/wp-json\/wp\/v2\/media?parent=404"}],"wp:term":[{"taxonomy":"category","embeddable":true,"href":"https:\/\/rowerowysztos.pl\/index.php\/wp-json\/wp\/v2\/categories?post=404"},{"taxonomy":"post_tag","embeddable":true,"href":"https:\/\/rowerowysztos.pl\/index.php\/wp-json\/wp\/v2\/tags?post=404"}],"curies":[{"name":"wp","href":"https:\/\/api.w.org\/{rel}","templated":true}]}}