{"id":1156,"date":"2025-05-27T19:52:08","date_gmt":"2025-05-27T17:52:08","guid":{"rendered":"https:\/\/rowerowysztos.pl\/?p=1156"},"modified":"2025-05-27T20:03:12","modified_gmt":"2025-05-27T18:03:12","slug":"wyjazd-rowerowy-jak-sie-spakowac-i-co-ze-soba-zabrac","status":"publish","type":"post","link":"https:\/\/rowerowysztos.pl\/index.php\/2025\/05\/27\/wyjazd-rowerowy-jak-sie-spakowac-i-co-ze-soba-zabrac\/","title":{"rendered":"Wyjazd rowerowy \u2013 jak si\u0119 spakowa\u0107 i co ze sob\u0105 zabra\u0107?"},"content":{"rendered":"<p>Na blogu centrumrowerowe.pl znajdziecie artyku\u0142 o przygotowaniach do wyprawy lub wyjazdu rowerowego, a w nim m\u00f3j tekst, o tym jak si\u0119 przygotowa\u0107 i co zabra\u0107 na kr\u00f3tki 2 dniowy wyjazd na przyk\u0142adzie mojego ostatniego wyjazdu na jezioro Drawsko!<\/p>\n<p>Link do artyku\u0142u znajdziecie tutaj: <a href=\"https:\/\/www.centrumrowerowe.pl\/blog\/bikepacking-co-zabrac-na-wyprawe\/\">https:\/\/www.centrumrowerowe.pl\/blog\/bikepacking-co-zabrac-na-wyprawe\/<\/a><\/p>\n<p>Link do relacji w wyjazdu na moim kanale, znajdziecie poni\u017cej! Mi\u0142ej lektury i ogl\u0105dania \ud83d\ude09 <a href=\"https:\/\/youtu.be\/FAo2IAijtYo\">https:\/\/youtu.be\/FAo2IAijtYo<\/a><\/p>\n<p>&nbsp;<\/p>\n<div class=\"fb-background-color\">\n\t\t\t  <div \n\t\t\t  \tclass = \"fb-comments\" \n\t\t\t  \tdata-href = \"https:\/\/rowerowysztos.pl\/index.php\/2025\/05\/27\/wyjazd-rowerowy-jak-sie-spakowac-i-co-ze-soba-zabrac\/\"\n\t\t\t  \tdata-numposts = \"10\"\n\t\t\t  \tdata-lazy = \"true\"\n\t\t\t\tdata-colorscheme = \"light\"\n\t\t\t\tdata-order-by = \"social\"\n\t\t\t\tdata-mobile=true>\n\t\t\t  <\/div><\/div>\n\t\t  <style>\n\t\t    .fb-background-color {\n\t\t\t\tbackground: #ffffff !important;\n\t\t\t}\n\t\t\t.fb_iframe_widget_fluid_desktop iframe {\n\t\t\t    width: 100% !important;\n\t\t\t}\n\t\t  <\/style>\n\t\t  ","protected":false},"excerpt":{"rendered":"<p>Na blogu centrumrowerowe.pl znajdziecie artyku\u0142 o przygotowaniach do wyprawy lub wyjazdu rowerowego, a w nim m\u00f3j tekst, o tym jak si\u0119 przygotowa\u0107 i co zabra\u0107 na kr\u00f3tki 2 dniowy wyjazd na przyk\u0142adzie mojego ostatniego wyjazdu na jezioro Drawsko! Link do artyku\u0142u znajdziecie tutaj: https:\/\/www.centrumrowerowe.pl\/blog\/bikepacking-co-zabrac-na-wyprawe\/ Link do relacji w wyjazdu na moim kanale, znajdziecie poni\u017cej! Mi\u0142ej [&hellip;]<\/p>\n","protected":false},"author":1,"featured_media":1157,"comment_status":"closed","ping_status":"closed","sticky":false,"template":"","format":"standard","meta":{"_et_pb_use_builder":"","_et_pb_old_content":"","_et_gb_content_width":"","footnotes":""},"categories":[4,6],"tags":[40,51,42,47,52,49,41,44,53,46,48,50,45,43,13],"class_list":["post-1156","post","type-post","status-publish","format-standard","has-post-thumbnail","hentry","category-sprzet-i-porady","category-strona-glowna","tag-bikepacking","tag-cumulus","tag-drawsko","tag-exped","tag-gaciron","tag-garmin","tag-gravel","tag-krossesker","tag-magicshine","tag-naturehike","tag-petzl","tag-primus","tag-tailfin","tag-torbynarower","tag-wyprawa-rowerowa"],"yoast_head":"<!-- This site is optimized with the Yoast SEO plugin v27.5 - https:\/\/yoast.com\/product\/yoast-seo-wordpress\/ -->\n<title>Wyjazd rowerowy \u2013 jak si\u0119 spakowa\u0107 i co ze sob\u0105 zabra\u0107? - RowerowySztos.pl<\/title>\n<meta name=\"description\" content=\"Blog o rowerach, sprz\u0119cie, podr\u00f3\u017cach i rzeczach, kt\u00f3re u\u0142atwiaj\u0105 \u017cycie rowerzysty. Nietypowo, odw\u017cnie i obiketywnie.\" \/>\n<meta name=\"robots\" content=\"index, follow, max-snippet:-1, max-image-preview:large, max-video-preview:-1\" \/>\n<link rel=\"canonical\" href=\"https:\/\/rowerowysztos.pl\/index.php\/2025\/05\/27\/wyjazd-rowerowy-jak-sie-spakowac-i-co-ze-soba-zabrac\/\" \/>\n<meta property=\"og:locale\" content=\"pl_PL\" \/>\n<meta property=\"og:type\" content=\"article\" \/>\n<meta property=\"og:title\" content=\"Wyjazd rowerowy \u2013 jak si\u0119 spakowa\u0107 i co ze sob\u0105 zabra\u0107? - RowerowySztos.pl\" \/>\n<meta property=\"og:description\" content=\"Blog o rowerach, sprz\u0119cie, podr\u00f3\u017cach i rzeczach, kt\u00f3re u\u0142atwiaj\u0105 \u017cycie rowerzysty. Nietypowo, odw\u017cnie i obiketywnie.\" \/>\n<meta property=\"og:url\" content=\"https:\/\/rowerowysztos.pl\/index.php\/2025\/05\/27\/wyjazd-rowerowy-jak-sie-spakowac-i-co-ze-soba-zabrac\/\" \/>\n<meta property=\"og:site_name\" content=\"RowerowySztos.pl\" \/>\n<meta property=\"article:published_time\" content=\"2025-05-27T17:52:08+00:00\" \/>\n<meta property=\"article:modified_time\" content=\"2025-05-27T18:03:12+00:00\" \/>\n<meta property=\"og:image\" content=\"https:\/\/rowerowysztos.pl\/wp-content\/uploads\/2025\/05\/Drawsko.png\" \/>\n\t<meta property=\"og:image:width\" content=\"1280\" \/>\n\t<meta property=\"og:image:height\" content=\"720\" \/>\n\t<meta property=\"og:image:type\" content=\"image\/png\" \/>\n<meta name=\"author\" content=\"rowerowy sztos\" \/>\n<meta name=\"twitter:card\" content=\"summary_large_image\" \/>\n<meta name=\"twitter:label1\" content=\"Napisane przez\" \/>\n\t<meta name=\"twitter:data1\" content=\"rowerowy sztos\" \/>\n\t<meta name=\"twitter:label2\" content=\"Szacowany czas czytania\" \/>\n\t<meta name=\"twitter:data2\" content=\"1 minuta\" \/>\n<script type=\"application\/ld+json\" class=\"yoast-schema-graph\">{\"@context\":\"https:\\\/\\\/schema.org\",\"@graph\":[{\"@type\":\"Article\",\"@id\":\"https:\\\/\\\/rowerowysztos.pl\\\/index.php\\\/2025\\\/05\\\/27\\\/wyjazd-rowerowy-jak-sie-spakowac-i-co-ze-soba-zabrac\\\/#article\",\"isPartOf\":{\"@id\":\"https:\\\/\\\/rowerowysztos.pl\\\/index.php\\\/2025\\\/05\\\/27\\\/wyjazd-rowerowy-jak-sie-spakowac-i-co-ze-soba-zabrac\\\/\"},\"author\":{\"name\":\"rowerowy sztos\",\"@id\":\"https:\\\/\\\/rowerowysztos.pl\\\/#\\\/schema\\\/person\\\/1df3750de5e2062fe12b280c9973953b\"},\"headline\":\"Wyjazd rowerowy \u2013 jak si\u0119 spakowa\u0107 i co ze sob\u0105 zabra\u0107?\",\"datePublished\":\"2025-05-27T17:52:08+00:00\",\"dateModified\":\"2025-05-27T18:03:12+00:00\",\"mainEntityOfPage\":{\"@id\":\"https:\\\/\\\/rowerowysztos.pl\\\/index.php\\\/2025\\\/05\\\/27\\\/wyjazd-rowerowy-jak-sie-spakowac-i-co-ze-soba-zabrac\\\/\"},\"wordCount\":86,\"image\":{\"@id\":\"https:\\\/\\\/rowerowysztos.pl\\\/index.php\\\/2025\\\/05\\\/27\\\/wyjazd-rowerowy-jak-sie-spakowac-i-co-ze-soba-zabrac\\\/#primaryimage\"},\"thumbnailUrl\":\"https:\\\/\\\/rowerowysztos.pl\\\/wp-content\\\/uploads\\\/2025\\\/05\\\/Drawsko.png\",\"keywords\":[\"bikepacking\",\"cumulus\",\"drawsko\",\"exped\",\"gaciron\",\"garmin\",\"gravel\",\"krossesker\",\"magicshine\",\"naturehike\",\"petzl\",\"primus\",\"tailfin\",\"torbynarower\",\"Wyprawa rowerowa\"],\"articleSection\":[\"SPRZ\u0118T I PORADY\",\"Strona g\u0142\u00f3wna\"],\"inLanguage\":\"pl-PL\"},{\"@type\":\"WebPage\",\"@id\":\"https:\\\/\\\/rowerowysztos.pl\\\/index.php\\\/2025\\\/05\\\/27\\\/wyjazd-rowerowy-jak-sie-spakowac-i-co-ze-soba-zabrac\\\/\",\"url\":\"https:\\\/\\\/rowerowysztos.pl\\\/index.php\\\/2025\\\/05\\\/27\\\/wyjazd-rowerowy-jak-sie-spakowac-i-co-ze-soba-zabrac\\\/\",\"name\":\"Wyjazd rowerowy \u2013 jak si\u0119 spakowa\u0107 i co ze sob\u0105 zabra\u0107? - RowerowySztos.pl\",\"isPartOf\":{\"@id\":\"https:\\\/\\\/rowerowysztos.pl\\\/#website\"},\"primaryImageOfPage\":{\"@id\":\"https:\\\/\\\/rowerowysztos.pl\\\/index.php\\\/2025\\\/05\\\/27\\\/wyjazd-rowerowy-jak-sie-spakowac-i-co-ze-soba-zabrac\\\/#primaryimage\"},\"image\":{\"@id\":\"https:\\\/\\\/rowerowysztos.pl\\\/index.php\\\/2025\\\/05\\\/27\\\/wyjazd-rowerowy-jak-sie-spakowac-i-co-ze-soba-zabrac\\\/#primaryimage\"},\"thumbnailUrl\":\"https:\\\/\\\/rowerowysztos.pl\\\/wp-content\\\/uploads\\\/2025\\\/05\\\/Drawsko.png\",\"datePublished\":\"2025-05-27T17:52:08+00:00\",\"dateModified\":\"2025-05-27T18:03:12+00:00\",\"author\":{\"@id\":\"https:\\\/\\\/rowerowysztos.pl\\\/#\\\/schema\\\/person\\\/1df3750de5e2062fe12b280c9973953b\"},\"description\":\"Blog o rowerach, sprz\u0119cie, podr\u00f3\u017cach i rzeczach, kt\u00f3re u\u0142atwiaj\u0105 \u017cycie rowerzysty. Nietypowo, odw\u017cnie i obiketywnie.\",\"breadcrumb\":{\"@id\":\"https:\\\/\\\/rowerowysztos.pl\\\/index.php\\\/2025\\\/05\\\/27\\\/wyjazd-rowerowy-jak-sie-spakowac-i-co-ze-soba-zabrac\\\/#breadcrumb\"},\"inLanguage\":\"pl-PL\",\"potentialAction\":[{\"@type\":\"ReadAction\",\"target\":[\"https:\\\/\\\/rowerowysztos.pl\\\/index.php\\\/2025\\\/05\\\/27\\\/wyjazd-rowerowy-jak-sie-spakowac-i-co-ze-soba-zabrac\\\/\"]}]},{\"@type\":\"ImageObject\",\"inLanguage\":\"pl-PL\",\"@id\":\"https:\\\/\\\/rowerowysztos.pl\\\/index.php\\\/2025\\\/05\\\/27\\\/wyjazd-rowerowy-jak-sie-spakowac-i-co-ze-soba-zabrac\\\/#primaryimage\",\"url\":\"https:\\\/\\\/rowerowysztos.pl\\\/wp-content\\\/uploads\\\/2025\\\/05\\\/Drawsko.png\",\"contentUrl\":\"https:\\\/\\\/rowerowysztos.pl\\\/wp-content\\\/uploads\\\/2025\\\/05\\\/Drawsko.png\",\"width\":1280,\"height\":720,\"caption\":\"Bikepacking\"},{\"@type\":\"BreadcrumbList\",\"@id\":\"https:\\\/\\\/rowerowysztos.pl\\\/index.php\\\/2025\\\/05\\\/27\\\/wyjazd-rowerowy-jak-sie-spakowac-i-co-ze-soba-zabrac\\\/#breadcrumb\",\"itemListElement\":[{\"@type\":\"ListItem\",\"position\":1,\"name\":\"Strona g\u0142\u00f3wna\",\"item\":\"https:\\\/\\\/rowerowysztos.pl\\\/\"},{\"@type\":\"ListItem\",\"position\":2,\"name\":\"Wyjazd rowerowy \u2013 jak si\u0119 spakowa\u0107 i co ze sob\u0105 zabra\u0107?\"}]},{\"@type\":\"WebSite\",\"@id\":\"https:\\\/\\\/rowerowysztos.pl\\\/#website\",\"url\":\"https:\\\/\\\/rowerowysztos.pl\\\/\",\"name\":\"RowerowySztos.pl\",\"description\":\"Je\u015bli chcesz odkry\u0107 rower na nowo, je\u017adzi\u0107 szybciej wygodniej i mie\u0107 z tego wi\u0119cej frajdy to ten blog jest dla Ciebie!\",\"potentialAction\":[{\"@type\":\"SearchAction\",\"target\":{\"@type\":\"EntryPoint\",\"urlTemplate\":\"https:\\\/\\\/rowerowysztos.pl\\\/?s={search_term_string}\"},\"query-input\":{\"@type\":\"PropertyValueSpecification\",\"valueRequired\":true,\"valueName\":\"search_term_string\"}}],\"inLanguage\":\"pl-PL\"},{\"@type\":\"Person\",\"@id\":\"https:\\\/\\\/rowerowysztos.pl\\\/#\\\/schema\\\/person\\\/1df3750de5e2062fe12b280c9973953b\",\"name\":\"rowerowy sztos\",\"image\":{\"@type\":\"ImageObject\",\"inLanguage\":\"pl-PL\",\"@id\":\"https:\\\/\\\/secure.gravatar.com\\\/avatar\\\/b7add67864c6970e147c5744ee44cd02b8192ae1a5a1821a922ecc7139b7080b?s=96&d=mm&r=g\",\"url\":\"https:\\\/\\\/secure.gravatar.com\\\/avatar\\\/b7add67864c6970e147c5744ee44cd02b8192ae1a5a1821a922ecc7139b7080b?s=96&d=mm&r=g\",\"contentUrl\":\"https:\\\/\\\/secure.gravatar.com\\\/avatar\\\/b7add67864c6970e147c5744ee44cd02b8192ae1a5a1821a922ecc7139b7080b?s=96&d=mm&r=g\",\"caption\":\"rowerowy sztos\"},\"sameAs\":[\"http:\\\/\\\/rowerowysztos.pl\"],\"url\":\"https:\\\/\\\/rowerowysztos.pl\\\/index.php\\\/author\\\/rower\\\/\"}]}<\/script>\n<!-- \/ Yoast SEO plugin. -->","yoast_head_json":{"title":"Wyjazd rowerowy \u2013 jak si\u0119 spakowa\u0107 i co ze sob\u0105 zabra\u0107? - RowerowySztos.pl","description":"Blog o rowerach, sprz\u0119cie, podr\u00f3\u017cach i rzeczach, kt\u00f3re u\u0142atwiaj\u0105 \u017cycie rowerzysty. Nietypowo, odw\u017cnie i obiketywnie.","robots":{"index":"index","follow":"follow","max-snippet":"max-snippet:-1","max-image-preview":"max-image-preview:large","max-video-preview":"max-video-preview:-1"},"canonical":"https:\/\/rowerowysztos.pl\/index.php\/2025\/05\/27\/wyjazd-rowerowy-jak-sie-spakowac-i-co-ze-soba-zabrac\/","og_locale":"pl_PL","og_type":"article","og_title":"Wyjazd rowerowy \u2013 jak si\u0119 spakowa\u0107 i co ze sob\u0105 zabra\u0107? - RowerowySztos.pl","og_description":"Blog o rowerach, sprz\u0119cie, podr\u00f3\u017cach i rzeczach, kt\u00f3re u\u0142atwiaj\u0105 \u017cycie rowerzysty. Nietypowo, odw\u017cnie i obiketywnie.","og_url":"https:\/\/rowerowysztos.pl\/index.php\/2025\/05\/27\/wyjazd-rowerowy-jak-sie-spakowac-i-co-ze-soba-zabrac\/","og_site_name":"RowerowySztos.pl","article_published_time":"2025-05-27T17:52:08+00:00","article_modified_time":"2025-05-27T18:03:12+00:00","og_image":[{"width":1280,"height":720,"url":"https:\/\/rowerowysztos.pl\/wp-content\/uploads\/2025\/05\/Drawsko.png","type":"image\/png"}],"author":"rowerowy sztos","twitter_card":"summary_large_image","twitter_misc":{"Napisane przez":"rowerowy sztos","Szacowany czas czytania":"1 minuta"},"schema":{"@context":"https:\/\/schema.org","@graph":[{"@type":"Article","@id":"https:\/\/rowerowysztos.pl\/index.php\/2025\/05\/27\/wyjazd-rowerowy-jak-sie-spakowac-i-co-ze-soba-zabrac\/#article","isPartOf":{"@id":"https:\/\/rowerowysztos.pl\/index.php\/2025\/05\/27\/wyjazd-rowerowy-jak-sie-spakowac-i-co-ze-soba-zabrac\/"},"author":{"name":"rowerowy sztos","@id":"https:\/\/rowerowysztos.pl\/#\/schema\/person\/1df3750de5e2062fe12b280c9973953b"},"headline":"Wyjazd rowerowy \u2013 jak si\u0119 spakowa\u0107 i co ze sob\u0105 zabra\u0107?","datePublished":"2025-05-27T17:52:08+00:00","dateModified":"2025-05-27T18:03:12+00:00","mainEntityOfPage":{"@id":"https:\/\/rowerowysztos.pl\/index.php\/2025\/05\/27\/wyjazd-rowerowy-jak-sie-spakowac-i-co-ze-soba-zabrac\/"},"wordCount":86,"image":{"@id":"https:\/\/rowerowysztos.pl\/index.php\/2025\/05\/27\/wyjazd-rowerowy-jak-sie-spakowac-i-co-ze-soba-zabrac\/#primaryimage"},"thumbnailUrl":"https:\/\/rowerowysztos.pl\/wp-content\/uploads\/2025\/05\/Drawsko.png","keywords":["bikepacking","cumulus","drawsko","exped","gaciron","garmin","gravel","krossesker","magicshine","naturehike","petzl","primus","tailfin","torbynarower","Wyprawa rowerowa"],"articleSection":["SPRZ\u0118T I PORADY","Strona g\u0142\u00f3wna"],"inLanguage":"pl-PL"},{"@type":"WebPage","@id":"https:\/\/rowerowysztos.pl\/index.php\/2025\/05\/27\/wyjazd-rowerowy-jak-sie-spakowac-i-co-ze-soba-zabrac\/","url":"https:\/\/rowerowysztos.pl\/index.php\/2025\/05\/27\/wyjazd-rowerowy-jak-sie-spakowac-i-co-ze-soba-zabrac\/","name":"Wyjazd rowerowy \u2013 jak si\u0119 spakowa\u0107 i co ze sob\u0105 zabra\u0107? - RowerowySztos.pl","isPartOf":{"@id":"https:\/\/rowerowysztos.pl\/#website"},"primaryImageOfPage":{"@id":"https:\/\/rowerowysztos.pl\/index.php\/2025\/05\/27\/wyjazd-rowerowy-jak-sie-spakowac-i-co-ze-soba-zabrac\/#primaryimage"},"image":{"@id":"https:\/\/rowerowysztos.pl\/index.php\/2025\/05\/27\/wyjazd-rowerowy-jak-sie-spakowac-i-co-ze-soba-zabrac\/#primaryimage"},"thumbnailUrl":"https:\/\/rowerowysztos.pl\/wp-content\/uploads\/2025\/05\/Drawsko.png","datePublished":"2025-05-27T17:52:08+00:00","dateModified":"2025-05-27T18:03:12+00:00","author":{"@id":"https:\/\/rowerowysztos.pl\/#\/schema\/person\/1df3750de5e2062fe12b280c9973953b"},"description":"Blog o rowerach, sprz\u0119cie, podr\u00f3\u017cach i rzeczach, kt\u00f3re u\u0142atwiaj\u0105 \u017cycie rowerzysty. Nietypowo, odw\u017cnie i obiketywnie.","breadcrumb":{"@id":"https:\/\/rowerowysztos.pl\/index.php\/2025\/05\/27\/wyjazd-rowerowy-jak-sie-spakowac-i-co-ze-soba-zabrac\/#breadcrumb"},"inLanguage":"pl-PL","potentialAction":[{"@type":"ReadAction","target":["https:\/\/rowerowysztos.pl\/index.php\/2025\/05\/27\/wyjazd-rowerowy-jak-sie-spakowac-i-co-ze-soba-zabrac\/"]}]},{"@type":"ImageObject","inLanguage":"pl-PL","@id":"https:\/\/rowerowysztos.pl\/index.php\/2025\/05\/27\/wyjazd-rowerowy-jak-sie-spakowac-i-co-ze-soba-zabrac\/#primaryimage","url":"https:\/\/rowerowysztos.pl\/wp-content\/uploads\/2025\/05\/Drawsko.png","contentUrl":"https:\/\/rowerowysztos.pl\/wp-content\/uploads\/2025\/05\/Drawsko.png","width":1280,"height":720,"caption":"Bikepacking"},{"@type":"BreadcrumbList","@id":"https:\/\/rowerowysztos.pl\/index.php\/2025\/05\/27\/wyjazd-rowerowy-jak-sie-spakowac-i-co-ze-soba-zabrac\/#breadcrumb","itemListElement":[{"@type":"ListItem","position":1,"name":"Strona g\u0142\u00f3wna","item":"https:\/\/rowerowysztos.pl\/"},{"@type":"ListItem","position":2,"name":"Wyjazd rowerowy \u2013 jak si\u0119 spakowa\u0107 i co ze sob\u0105 zabra\u0107?"}]},{"@type":"WebSite","@id":"https:\/\/rowerowysztos.pl\/#website","url":"https:\/\/rowerowysztos.pl\/","name":"RowerowySztos.pl","description":"Je\u015bli chcesz odkry\u0107 rower na nowo, je\u017adzi\u0107 szybciej wygodniej i mie\u0107 z tego wi\u0119cej frajdy to ten blog jest dla Ciebie!","potentialAction":[{"@type":"SearchAction","target":{"@type":"EntryPoint","urlTemplate":"https:\/\/rowerowysztos.pl\/?s={search_term_string}"},"query-input":{"@type":"PropertyValueSpecification","valueRequired":true,"valueName":"search_term_string"}}],"inLanguage":"pl-PL"},{"@type":"Person","@id":"https:\/\/rowerowysztos.pl\/#\/schema\/person\/1df3750de5e2062fe12b280c9973953b","name":"rowerowy sztos","image":{"@type":"ImageObject","inLanguage":"pl-PL","@id":"https:\/\/secure.gravatar.com\/avatar\/b7add67864c6970e147c5744ee44cd02b8192ae1a5a1821a922ecc7139b7080b?s=96&d=mm&r=g","url":"https:\/\/secure.gravatar.com\/avatar\/b7add67864c6970e147c5744ee44cd02b8192ae1a5a1821a922ecc7139b7080b?s=96&d=mm&r=g","contentUrl":"https:\/\/secure.gravatar.com\/avatar\/b7add67864c6970e147c5744ee44cd02b8192ae1a5a1821a922ecc7139b7080b?s=96&d=mm&r=g","caption":"rowerowy sztos"},"sameAs":["http:\/\/rowerowysztos.pl"],"url":"https:\/\/rowerowysztos.pl\/index.php\/author\/rower\/"}]}},"_links":{"self":[{"href":"https:\/\/rowerowysztos.pl\/index.php\/wp-json\/wp\/v2\/posts\/1156","targetHints":{"allow":["GET"]}}],"collection":[{"href":"https:\/\/rowerowysztos.pl\/index.php\/wp-json\/wp\/v2\/posts"}],"about":[{"href":"https:\/\/rowerowysztos.pl\/index.php\/wp-json\/wp\/v2\/types\/post"}],"author":[{"embeddable":true,"href":"https:\/\/rowerowysztos.pl\/index.php\/wp-json\/wp\/v2\/users\/1"}],"replies":[{"embeddable":true,"href":"https:\/\/rowerowysztos.pl\/index.php\/wp-json\/wp\/v2\/comments?post=1156"}],"version-history":[{"count":6,"href":"https:\/\/rowerowysztos.pl\/index.php\/wp-json\/wp\/v2\/posts\/1156\/revisions"}],"predecessor-version":[{"id":1163,"href":"https:\/\/rowerowysztos.pl\/index.php\/wp-json\/wp\/v2\/posts\/1156\/revisions\/1163"}],"wp:featuredmedia":[{"embeddable":true,"href":"https:\/\/rowerowysztos.pl\/index.php\/wp-json\/wp\/v2\/media\/1157"}],"wp:attachment":[{"href":"https:\/\/rowerowysztos.pl\/index.php\/wp-json\/wp\/v2\/media?parent=1156"}],"wp:term":[{"taxonomy":"category","embeddable":true,"href":"https:\/\/rowerowysztos.pl\/index.php\/wp-json\/wp\/v2\/categories?post=1156"},{"taxonomy":"post_tag","embeddable":true,"href":"https:\/\/rowerowysztos.pl\/index.php\/wp-json\/wp\/v2\/tags?post=1156"}],"curies":[{"name":"wp","href":"https:\/\/api.w.org\/{rel}","templated":true}]}}